{"id":12185,"date":"2022-05-13T09:07:30","date_gmt":"2022-05-13T12:07:30","guid":{"rendered":"http:\/\/eenergetica.com.ar\/?p=12185"},"modified":"2022-05-13T09:07:31","modified_gmt":"2022-05-13T12:07:31","slug":"horacio-rodriguez-larreta-todos-los-que-quieran-participar-a-las-paso","status":"publish","type":"post","link":"https:\/\/eenergetica.com.ar\/index.php\/2022\/05\/13\/horacio-rodriguez-larreta-todos-los-que-quieran-participar-a-las-paso\/","title":{"rendered":"HORACIO RODR\u00cdGUEZ LARRETA: &#8220;TODOS LOS QUE QUIERAN PARTICIPAR, A LAS PASO&#8221;"},"content":{"rendered":"\n<p><strong>De recorrida con el intendente platense Julio Garro, Horacio Rodr\u00edguez Larreta evit\u00f3 profundizar en su candidatura presidencial, pero busc\u00f3 marcar la cancha a los otros postulantes.<\/strong><\/p>\n\n\n\n<p>&nbsp; &nbsp;Al respecto, asegur\u00f3 que &#8220;todav\u00eda falta&#8221; y que su principal responsabilidad es trabajar por la Ciudad de Buenos Aires.<\/p>\n\n\n\n<p>&nbsp;&nbsp; &#8220;Estoy intercambiando experiencias como en este caso con Julio, pensando en encontrar experiencias que nos permitan replicarlo en la Ciudad&#8221;, expres\u00f3.<\/p>\n\n\n\n<p>&nbsp;&nbsp; Garro tiene intenciones de competir por la gobernaci\u00f3n de la Provincia de Buenos Aires, lo que tensiona la interna del PRO bonaerense, que cuenta con un abanico importante de posibles candidatos. .<\/p>\n\n\n\n<p>&nbsp;&nbsp; A su vez, Rodr\u00edguez Larreta puso pa\u00f1os fr\u00edos en la interna del PRO -en el plano nacional- que, desde hace dos semanas, discute la inclusi\u00f3n de Javier Milei.<\/p>\n\n\n\n<p>&nbsp;&nbsp; Hace unos d\u00edas, las figuras principales del partido, fundado en 2005 en la Capital Federal, se reunieron en Puerto Madero.<\/p>\n\n\n\n<p>&nbsp;&nbsp; All\u00ed, el expresidente Mauricio Macri remarc\u00f3 la necesidad de no quedar atados a la agenda de la Uni\u00f3n C\u00edvica Radical (UCR), socios en Juntos por el Cambio, sobre todo en el Congreso. Si bien en el almuerzo no hablaron de candidaturas, Larreta s\u00ed dio algunas se\u00f1ales hoy resalt\u00f3 que las candidaturas &#8220;todas se definir\u00e1n por las PASO&#8221;.<\/p>\n\n\n\n<p>&nbsp;&nbsp; &#8220;Los que quieran participar, todos a las PASO&#8221;, afirm\u00f3 el mandatario porte\u00f1o.<br>.<br>Pichetto se suma a la lista de presidenciables.<br>.<br>El ex senador y auditor Miguel \u00c1ngel Pichetto lanzar\u00e1 ma\u00f1ana su candidatura a la Presidencia de la Naci\u00f3n para las elecciones 2023 desde el espacio Encuentro Republicano Federal, que representar\u00e1 el ala dura del peronismo dentro de Juntos por el Cambio.<\/p>\n\n\n\n<p>&nbsp;&nbsp; Lo har\u00e1 durante un encuentro de su espacio que tendr\u00e1 lugar a partir de las 16 en Parque Norte.<\/p>\n\n\n\n<p>&nbsp;&nbsp; La semana pasada, la ex gobernadora de Buenos Aires, Mar\u00eda Eugenia Vidal, tambi\u00e9n dej\u00f3 en claro sus intenciones en competir por la Casa Rosada.<\/p>\n","protected":false},"excerpt":{"rendered":"<p>De recorrida con el intendente platense Julio Garro, Horacio Rodr\u00edguez Larreta evit\u00f3 profundizar en su candidatura presidencial, pero busc\u00f3 marcar la cancha a los otros postulantes. &nbsp; &nbsp;Al respecto, asegur\u00f3&hellip; <\/p>\n","protected":false},"author":2,"featured_media":12186,"comment_status":"closed","ping_status":"open","sticky":false,"template":"","format":"standard","meta":{"footnotes":""},"categories":[20],"tags":[],"class_list":["post-12185","post","type-post","status-publish","format-standard","has-post-thumbnail","hentry","category-politica"],"_links":{"self":[{"href":"https:\/\/eenergetica.com.ar\/index.php\/wp-json\/wp\/v2\/posts\/12185","targetHints":{"allow":["GET"]}}],"collection":[{"href":"https:\/\/eenergetica.com.ar\/index.php\/wp-json\/wp\/v2\/posts"}],"about":[{"href":"https:\/\/eenergetica.com.ar\/index.php\/wp-json\/wp\/v2\/types\/post"}],"author":[{"embeddable":true,"href":"https:\/\/eenergetica.com.ar\/index.php\/wp-json\/wp\/v2\/users\/2"}],"replies":[{"embeddable":true,"href":"https:\/\/eenergetica.com.ar\/index.php\/wp-json\/wp\/v2\/comments?post=12185"}],"version-history":[{"count":1,"href":"https:\/\/eenergetica.com.ar\/index.php\/wp-json\/wp\/v2\/posts\/12185\/revisions"}],"predecessor-version":[{"id":12187,"href":"https:\/\/eenergetica.com.ar\/index.php\/wp-json\/wp\/v2\/posts\/12185\/revisions\/12187"}],"wp:featuredmedia":[{"embeddable":true,"href":"https:\/\/eenergetica.com.ar\/index.php\/wp-json\/wp\/v2\/media\/12186"}],"wp:attachment":[{"href":"https:\/\/eenergetica.com.ar\/index.php\/wp-json\/wp\/v2\/media?parent=12185"}],"wp:term":[{"taxonomy":"category","embeddable":true,"href":"https:\/\/eenergetica.com.ar\/index.php\/wp-json\/wp\/v2\/categories?post=12185"},{"taxonomy":"post_tag","embeddable":true,"href":"https:\/\/eenergetica.com.ar\/index.php\/wp-json\/wp\/v2\/tags?post=12185"}],"curies":[{"name":"wp","href":"https:\/\/api.w.org\/{rel}","templated":true}]}}