{"id":11838,"date":"2022-05-01T20:47:22","date_gmt":"2022-05-01T23:47:22","guid":{"rendered":"http:\/\/eenergetica.com.ar\/?p=11838"},"modified":"2022-05-01T20:47:23","modified_gmt":"2022-05-01T23:47:23","slug":"intendenta-riojana-regalara-tres-kilos-de-asado-para-cada-empleado-municipal-por-el-dia-del-trabajador","status":"publish","type":"post","link":"https:\/\/eenergetica.com.ar\/index.php\/2022\/05\/01\/intendenta-riojana-regalara-tres-kilos-de-asado-para-cada-empleado-municipal-por-el-dia-del-trabajador\/","title":{"rendered":"INTENDENTA RIOJANA REGALAR\u00c1 TRES KILOS DE ASADO PARA CADA EMPLEADO MUNICIPAL POR EL D\u00cdA DEL TRABAJADOR"},"content":{"rendered":"\n<p><strong>Una intendenta riojana sorprendi\u00f3 en redes sociales al anunciar que, con motivo del D\u00eda del Trabajador, regalar\u00e1 tres kilos de asado para cada uno de los empleados municipales.<\/strong><\/p>\n\n\n\n<p>&nbsp; &nbsp;A trav\u00e9s de su cuenta de Facebook, la jefa comunal de Chamical, Dora Rodr\u00edguez, dio a conocer la noticia para los trabajadores del municipio: &#8220;Queremos estar presentes en la mesa de cada trabajador municipal en su d\u00eda, valorando y destacando su labor cotidiana, es por eso que anunciamos hoy la entrega de un presente para todos los empleados municipales en el marco del D\u00eda del Trabajador&#8221;.<\/p>\n\n\n\n<p>&nbsp;&nbsp; La intendenta de origen peronista cont\u00f3 que el beneficio del &#8220;bono asado&#8221; est\u00e1 garantizado para 1.477 empleados: &#8220;Para que compartan con su familia y compa\u00f1eros de trabajo un momento grato y fraterno celebrando este d\u00eda&#8221;, fundament\u00f3.<\/p>\n\n\n\n<p>&nbsp;&nbsp; En la misma publicaci\u00f3n, la funcionaria local aclar\u00f3 que la entrega de la carne ser\u00e1 durante el s\u00e1bado en el edificio municipal. &#8220;Este presente incluye a agentes de Planta Permanente, Becarios, Tutorias y No Escalafonados. Desde el Municipio realizamos un gran esfuerzo econ\u00f3mico, agradezco a nuestro Gobernador Ricardo Quintela por acompa\u00f1arnos a concretar este aporte para nuestra gente&#8221;, precis\u00f3.<\/p>\n\n\n\n<p>&nbsp;&nbsp; Esta decisi\u00f3n municipal va en consonancia con una medida del gobernador riojano, quien decret\u00f3 que el pr\u00f3ximo lunes los empleados p\u00fablicos provinciales tendr\u00e1n asueto para celebrar el D\u00eda del Trabajador &#8220;entre compa\u00f1eros y compa\u00f1eras&#8221;.<\/p>\n\n\n\n<p>&nbsp;&nbsp; &#8220;Con motivo del D\u00eda del Trabajador y la trabajadora que se conmemora este domingo 1 de mayo, decid\u00ed decretar asueto para el lunes 2 para la Administraci\u00f3n P\u00fablica. Es mi deseo que puedan contar con un d\u00eda de descanso y reuni\u00f3n entre compa\u00f1eros y compa\u00f1eras celebrando su d\u00eda&#8221;, public\u00f3 Quintela.<\/p>\n","protected":false},"excerpt":{"rendered":"<p>Una intendenta riojana sorprendi\u00f3 en redes sociales al anunciar que, con motivo del D\u00eda del Trabajador, regalar\u00e1 tres kilos de asado para cada uno de los empleados municipales. &nbsp; &nbsp;A&hellip; <\/p>\n","protected":false},"author":2,"featured_media":11839,"comment_status":"closed","ping_status":"open","sticky":false,"template":"","format":"standard","meta":{"footnotes":""},"categories":[24],"tags":[],"class_list":["post-11838","post","type-post","status-publish","format-standard","has-post-thumbnail","hentry","category-provincia"],"_links":{"self":[{"href":"https:\/\/eenergetica.com.ar\/index.php\/wp-json\/wp\/v2\/posts\/11838","targetHints":{"allow":["GET"]}}],"collection":[{"href":"https:\/\/eenergetica.com.ar\/index.php\/wp-json\/wp\/v2\/posts"}],"about":[{"href":"https:\/\/eenergetica.com.ar\/index.php\/wp-json\/wp\/v2\/types\/post"}],"author":[{"embeddable":true,"href":"https:\/\/eenergetica.com.ar\/index.php\/wp-json\/wp\/v2\/users\/2"}],"replies":[{"embeddable":true,"href":"https:\/\/eenergetica.com.ar\/index.php\/wp-json\/wp\/v2\/comments?post=11838"}],"version-history":[{"count":1,"href":"https:\/\/eenergetica.com.ar\/index.php\/wp-json\/wp\/v2\/posts\/11838\/revisions"}],"predecessor-version":[{"id":11840,"href":"https:\/\/eenergetica.com.ar\/index.php\/wp-json\/wp\/v2\/posts\/11838\/revisions\/11840"}],"wp:featuredmedia":[{"embeddable":true,"href":"https:\/\/eenergetica.com.ar\/index.php\/wp-json\/wp\/v2\/media\/11839"}],"wp:attachment":[{"href":"https:\/\/eenergetica.com.ar\/index.php\/wp-json\/wp\/v2\/media?parent=11838"}],"wp:term":[{"taxonomy":"category","embeddable":true,"href":"https:\/\/eenergetica.com.ar\/index.php\/wp-json\/wp\/v2\/categories?post=11838"},{"taxonomy":"post_tag","embeddable":true,"href":"https:\/\/eenergetica.com.ar\/index.php\/wp-json\/wp\/v2\/tags?post=11838"}],"curies":[{"name":"wp","href":"https:\/\/api.w.org\/{rel}","templated":true}]}}