{"id":11622,"date":"2022-04-22T00:37:45","date_gmt":"2022-04-22T03:37:45","guid":{"rendered":"http:\/\/eenergetica.com.ar\/?p=11622"},"modified":"2022-04-22T00:37:45","modified_gmt":"2022-04-22T03:37:45","slug":"el-kirchnerismo-sube-el-tono-a-la-pelea-con-la-corte-e-impulsa-proyecto-para-ampliar-el-tribunal","status":"publish","type":"post","link":"https:\/\/eenergetica.com.ar\/index.php\/2022\/04\/22\/el-kirchnerismo-sube-el-tono-a-la-pelea-con-la-corte-e-impulsa-proyecto-para-ampliar-el-tribunal\/","title":{"rendered":"EL KIRCHNERISMO SUBE EL TONO A LA PELEA CON LA CORTE E IMPULSA PROYECTO PARA AMPLIAR EL TRIBUNAL"},"content":{"rendered":"\n<p><strong>En medio de la pelea por el Consejo de la Magistratura, el oficialismo en la C\u00e1mara de Senadores le sube el tono a la pelea con la Corte Suprema y planea impulsar un proyecto que propone incrementar el n\u00famero de miembros del m\u00e1ximo tribunal del pa\u00eds.<\/strong><\/p>\n\n\n\n<p>&nbsp; &nbsp;As\u00ed lo adelantaron fuentes del oficialismo, que detallaron que la idea que empezar a tratar el tema la pr\u00f3xima semana en el marco de la comisi\u00f3n de Asuntos Constitucionales.<\/p>\n\n\n\n<p>&nbsp;&nbsp; El d\u00eda elegido ser\u00e1 el mi\u00e9rcoles que viene, cuando se ponga a discusi\u00f3n un proyecto que hab\u00eda sido presentado por el senador puntano Adolfo Rodr\u00edguez Sa\u00e1. .<\/p>\n\n\n\n<p>&nbsp;&nbsp; Esa iniciativa propone elevar a nueve el n\u00famero de miembros de la Corte Suprema, que actualmente tiene cinco jueces, aunque por el momento funciona con cuatro, tras la salida de Elena Highton de Nolasco.<\/p>\n\n\n\n<p>&nbsp;&nbsp; Seg\u00fan el proyecto, el argumento de la ampliaci\u00f3n es &#8220;reflejar en su integraci\u00f3n las diversidades de g\u00e9nero, especialidad y procedencia regional en el marco del ideal de representaci\u00f3n de un pa\u00eds federal&#8221;.<\/p>\n\n\n\n<p>&nbsp;&nbsp; Lo planteado por Rodr\u00edguez Sa\u00e1 estipula que no puede haber m\u00e1s de cinco jueces del mismo sexo, a fin de garantizar la diversidad de g\u00e9nero en el alto tribunal.<\/p>\n\n\n\n<p>&nbsp;&nbsp; La decisi\u00f3n del interbloque del Frente de Todos de avanzar con este proyecto se da en medio de la disputa por la integraci\u00f3n del Consejo de la Magistratura, que ahora regres\u00f3 a su composici\u00f3n de 20 miembros.<\/p>\n\n\n\n<p>&nbsp;&nbsp; Si bien el oficialismo no tiene asegurado el n\u00famero de votos necesario para aprobar la norma, se trata de una acci\u00f3n m\u00e1s que sube la tensi\u00f3n con los supremos.<\/p>\n\n\n\n<p>&nbsp;&nbsp; Con estado parlamentario en el Senado tambi\u00e9n hay un proyecto de la peronista de La Rioja Clara Vega, pero que no eleva el n\u00famero de miembros, sino que regula el cupo femenino.<\/p>\n\n\n\n<p>&nbsp;&nbsp; Actualmente, la Corte Suprema de Justicia est\u00e1 integrada por su presidente, Horacio Rosatti, Ricardo Lorenzetti, Juan Carlos Maqueda y Carlos Rosenkrantz.<\/p>\n","protected":false},"excerpt":{"rendered":"<p>En medio de la pelea por el Consejo de la Magistratura, el oficialismo en la C\u00e1mara de Senadores le sube el tono a la pelea con la Corte Suprema y&hellip; <\/p>\n","protected":false},"author":2,"featured_media":11623,"comment_status":"closed","ping_status":"open","sticky":false,"template":"","format":"standard","meta":{"footnotes":""},"categories":[20],"tags":[],"class_list":["post-11622","post","type-post","status-publish","format-standard","has-post-thumbnail","hentry","category-politica"],"_links":{"self":[{"href":"https:\/\/eenergetica.com.ar\/index.php\/wp-json\/wp\/v2\/posts\/11622","targetHints":{"allow":["GET"]}}],"collection":[{"href":"https:\/\/eenergetica.com.ar\/index.php\/wp-json\/wp\/v2\/posts"}],"about":[{"href":"https:\/\/eenergetica.com.ar\/index.php\/wp-json\/wp\/v2\/types\/post"}],"author":[{"embeddable":true,"href":"https:\/\/eenergetica.com.ar\/index.php\/wp-json\/wp\/v2\/users\/2"}],"replies":[{"embeddable":true,"href":"https:\/\/eenergetica.com.ar\/index.php\/wp-json\/wp\/v2\/comments?post=11622"}],"version-history":[{"count":1,"href":"https:\/\/eenergetica.com.ar\/index.php\/wp-json\/wp\/v2\/posts\/11622\/revisions"}],"predecessor-version":[{"id":11624,"href":"https:\/\/eenergetica.com.ar\/index.php\/wp-json\/wp\/v2\/posts\/11622\/revisions\/11624"}],"wp:featuredmedia":[{"embeddable":true,"href":"https:\/\/eenergetica.com.ar\/index.php\/wp-json\/wp\/v2\/media\/11623"}],"wp:attachment":[{"href":"https:\/\/eenergetica.com.ar\/index.php\/wp-json\/wp\/v2\/media?parent=11622"}],"wp:term":[{"taxonomy":"category","embeddable":true,"href":"https:\/\/eenergetica.com.ar\/index.php\/wp-json\/wp\/v2\/categories?post=11622"},{"taxonomy":"post_tag","embeddable":true,"href":"https:\/\/eenergetica.com.ar\/index.php\/wp-json\/wp\/v2\/tags?post=11622"}],"curies":[{"name":"wp","href":"https:\/\/api.w.org\/{rel}","templated":true}]}}