{"id":11613,"date":"2022-04-22T00:28:26","date_gmt":"2022-04-22T03:28:26","guid":{"rendered":"http:\/\/eenergetica.com.ar\/?p=11613"},"modified":"2022-04-22T00:28:27","modified_gmt":"2022-04-22T03:28:27","slug":"la-cgt-quiere-paritarias-libres-mas-impuestos-y-mayores-recursos-del-estado-para-las-obras-sociales","status":"publish","type":"post","link":"https:\/\/eenergetica.com.ar\/index.php\/2022\/04\/22\/la-cgt-quiere-paritarias-libres-mas-impuestos-y-mayores-recursos-del-estado-para-las-obras-sociales\/","title":{"rendered":"LA CGT QUIERE PARITARIAS LIBRES, M\u00c1S IMPUESTOS Y MAYORES RECURSOS DEL ESTADO PARA LAS OBRAS SOCIALES"},"content":{"rendered":"\n<p><strong>A pesar de ser la primera reuni\u00f3n del a\u00f1o realizada en un contexto sumamente complejo para la vida diaria de los trabajadores que, casi en su totalidad, tienen dificultades serias para llegar a fin de mes por la presi\u00f3n inflacionaria de la econom\u00eda nacional, no se previ\u00f3 la realizaci\u00f3n de una conferencia de prensa que explicara los pasos a seguir para luchar contra la p\u00e9rdida del poder adquisitivo.<\/strong><\/p>\n\n\n\n<p>Por Antonio D\u00b4Eramo.<\/p>\n\n\n\n<p>&nbsp; S\u00f3lo la buena voluntad o la verg\u00fcenza que le dio a H\u00e9ctor Daer, que junto a Pablo Moyano y Carlos Acu\u00f1a conducen la CGT, permiti\u00f3 que se bajara unos minutos de su camioneta 4&#215;4 para informar los temas tratados.<\/p>\n\n\n\n<p>&nbsp;&nbsp; El sindicalista de la sanidad que dirige junto a Carlos West Ocampo, de 78 a\u00f1os de edad, el gremio y la Federaci\u00f3n de entidades del rubro, tiene presencia ininterrumpida en la vida sindical, en los m\u00e1ximos puestos de conducci\u00f3n desde hace 37 a\u00f1os.<\/p>\n\n\n\n<p>&nbsp;&nbsp; Una marca similar a la de su hermano Rodolfo Daer, del gremio de la alimentaci\u00f3n que condujo la entidad de la calle Azopardo en dos per\u00edodos, y tiene plena vigencia en sus funciones desde los albores de la democracia, en 1984.<\/p>\n\n\n\n<p>&nbsp; &nbsp;Hubo unanimidad de criterio a la hora de respaldar paritarias libres, sin techos para recomponer los salarios y que el gobierno ha lanzado desde el 1 de abril pasado. Tanto en el tercer piso del edificio de la CGT poblado de sindicalistas que se referencian en la familia Moyano como entre los que habitan el cuarto piso de la sede sindical donde se ubican los que dialogan con m\u00e1s asiduidad con el garagista, Carlos Acu\u00f1a y el propio H\u00e9ctor Daer, no hubo quejas a la declaraci\u00f3n &#8220;oficial&#8221; que realizar\u00edan Daer y el canillita y senador oficialista provincial, Omar Plaini.<\/p>\n\n\n\n<p>&nbsp;&nbsp; &#8220;Hemos coincidio y planteamos que el sector trabajador no quiere bonos. Queremos paritarias libres en la temporalidad de cada uno de los tramos como tambi\u00e9n con respecto a los valores que se vayan recuperando de acuerdo a las posibilidades de cada una de las actividades&#8221;, afirm\u00f3 Daer, quien en el d\u00eda que se conoci\u00f3 de manera oficial que una familia tipo, dos adultos y dos menores, necesitaron 89.690 $ para adquirir adquirir una canasta b\u00e1sica y no caer en la pobreza, explic\u00f3: &#8220;Nosotros tenemos una preocupaci\u00f3n que es la que venimos sosteniendo desde hace tiempo y por eso que haya salido un bono para los sectores m\u00e1s vulnerables, que se hayan abierto y convocado a las paritarias, son hechos que tienen que ver con esta insistencia permanente del movimiento obrero organizado para que se planteen las soluciones necesarias para que los trabajadores puedan acceder a la canasta b\u00e1sica&#8221;.<\/p>\n\n\n\n<p>&nbsp;&nbsp; Por su parte, Omar Plaini, asegur\u00f3 que muchos compa\u00f1eros &#8220;plantearon que cada organizaci\u00f3n sindical va a discutir en su contexto los incrementos salariales. Algunos sindicatos arrancaron discutiendo en torno del 45% y, hoy por hoy, hay algunos que negocian por encima del 60% de aumento. A nosotros nos parece que si las paritarias resuelven de alguna manera el problema que tenemos de la perdida del valor adquisitivo iremos por el buen camino. Si eso no ocurre, entonces habr\u00e1 que analizar la posibilidad de un aumento generalizado&#8221;.<\/p>\n\n\n\n<p>&nbsp;&nbsp; Existen medidas de fuerza convocadas por sectores de la UTA (Uni\u00f3n Tranviarios Automotor) y por la Bancaria \u00bfest\u00e1n marcando el camino de una mayor conflictividad social? quiso saber NA. A lo que Plaini sostuvo, &#8220;ese tema pertenece a cada organizaci\u00f3n y no son las \u00fanicas, tambi\u00e9n, han convocado a medidas de fuerza los trabajadores mar\u00edtimos y portuarios, y el tema es que lo formadores de precios no cesan en sus remarcaciones. Mientras nosotros estamos discutiendo paritarias ellos comienzan a subir los precios para cubrirse&#8221;.<\/p>\n\n\n\n<p>&nbsp;&nbsp; Un aumento generalizado \u00bfc\u00f3mo podr\u00eda realizarse? \u00bfhay antecedentes cercanos de esta medida?.<br>&nbsp;&nbsp; Para Plaini existe un ejemplo, &#8220;el que acaba de ocurrir en el Parlamento para todos los trabajadores legislativos. Se pusieron de acuerdo el titular de Diputados y la vicepresidenta en el Senado y se otorg\u00f3 un aumento de 20.000$ para los trabajadores legislativos. Pero primero intentaremos que las paritarias sean suficientes. Ahora bien, la din\u00e1mica de los precios no la podemos conocer y si terminan por ser insuficientes tendremos que discutir si habr\u00e1 que sumarle un aumento generalizado. Que a diferencia de un bono, que es coyuntural y no va a lo contributivo, puede ser una soluci\u00f3n&#8221;.<\/p>\n\n\n\n<p>&nbsp;&nbsp; Acerca de los formadores de precios, H\u00e9ctor Daer afirm\u00f3 &#8220;no hay que observar tanto lo que ocurre en la base de la producci\u00f3n sino en la cadena que es donde se van produciendo los incrementos. Los formadores son pocos en la Argentina por lo que hay que realizar un seguimiento concreto en la cadena de valor&#8221;.<\/p>\n\n\n\n<p>&nbsp;&nbsp; Para Plaini, &#8220;hay un gobierno que trata de acordar y consensuar. Pero para mi es insuficiente. El gobierno va a tener que intervenir en alg\u00fan momento regulando m\u00e1s porque no paran de remarcar&#8221;.<\/p>\n\n\n\n<p>&nbsp;&nbsp; Entre las medidas gubernamentales se ha lanzado la iniciativa parlamentaria de la creaci\u00f3n de un nuevo impuesto, esta vez, a las &#8220;ganancias extraordinarias&#8221; que se producen por el contexto de guerra en el este de Europa. Para H\u00e9ctor Daer es una iniciativa que la CGT apoya porque &#8220;no deber\u00eda asombrar a nadie si desde el Estado se est\u00e1 analizando a los sectores que han depositado dinero en otro pa\u00edses y no est\u00e1n tributando y acerca de los sectores exportadores que han aumentado sus valores en m\u00e1s de un 39% producto de la inestabilidad internacional.<\/p>\n\n\n\n<p>&nbsp;&nbsp; Este hecho ha generado una renta extraordinaria e inesperada y que se trata de una ganancia que solidariamente deber\u00eda repartirse. Porque as\u00ed como los productores del pa\u00eds se ven beneficiados por la suba de precios a nivel mundial de los commodities esos incrementos repercuten en la mesa de los argentinos. Lo que los trabajadores consumen se encarece tambi\u00e9n por el desconcierto internacional&#8221;.<\/p>\n\n\n\n<p>&nbsp;&nbsp; Las deudas millonarias de las obras sociales se llevaron la mayor cantidad de tiempo de la reuni\u00f3n. Jos\u00e9 Luis Lingieri, &#8220;Mr.<\/p>\n\n\n\n<p>&nbsp;&nbsp;Cloro&#8221;, as\u00ed lo apodaron en el mundo sindical. Lleg\u00f3 a manejar el gremio de Obras Sanitarias de la Naci\u00f3n (OSN) cuando Carlos Menem decidi\u00f3 privatizarla y todav\u00eda sigue a cargo del sindicato que dirige desde 1985. Fue el encargado de exponer ante sus pares la grave situaci\u00f3n de las obras sindicales post pandemia de coronavirus.<\/p>\n\n\n\n<p>&nbsp;&nbsp; De m\u00ednima la CGT negociar\u00e1 con la administraci\u00f3n de Alberto Fern\u00e1ndez una compensaci\u00f3n para saldar parte de la deuda global de las obras sociales que alcanzar\u00eda los 40.000 millones de pesos. De m\u00e1xima intentar\u00e1n una una reforma del sistema de salud que permita el financiamiento de las obras sociales sindicales y que implicar\u00eda el funcionamiento del sistema prepago de salud.<\/p>\n\n\n\n<p>&nbsp;&nbsp; En principio, los sindicalistas acordaron avanzar en el pedido de un decreto para que los monotributistas aporten el mismo porcentaje que pagan los trabajadores registrados. Este pedido no es nuevo y se remonta en el tiempo desde que las obras sociales sindicales tienen la obligaci\u00f3n de afiliar a los monotributistas.<\/p>\n\n\n\n<p>&nbsp;&nbsp;Lingieri explic\u00f3 que el monotributista suele abonar entre un 50% y un 55% menos que un trabajador registrado y por ello buscar\u00e1n que el Estado termine por pagar la diferencia. Grandes gremios de servicios como los mercantiles tienen un 30% de monotributistas entre sus adherentes a la obra social, OSECAC. La Uocra (gremio de la construcci\u00f3n) que conduce Gerardo Mart\u00ednez de manera ininterrumpida desde 1990, mismo per\u00edodo que el secretario general de UPCN (gremio de estatales de la Naci\u00f3n), Andr\u00e9s Rodr\u00edguez tienen, en sus servicios m\u00e9dicos gerenciados, cerca de un 25 % de afiliados que son monotributistas.<\/p>\n\n\n\n<p>&nbsp;&nbsp; Si la relaci\u00f3n con el Gobierno nacional puede tensarse de manera imprudente no ser\u00e1 por las cuestiones salariales sino por las p\u00e9rdidas que devoran recursos a diario y que son generadas por las obras sociales sindicales desfinanciadas.<\/p>\n","protected":false},"excerpt":{"rendered":"<p>A pesar de ser la primera reuni\u00f3n del a\u00f1o realizada en un contexto sumamente complejo para la vida diaria de los trabajadores que, casi en su totalidad, tienen dificultades serias&hellip; <\/p>\n","protected":false},"author":2,"featured_media":11614,"comment_status":"closed","ping_status":"open","sticky":false,"template":"","format":"standard","meta":{"footnotes":""},"categories":[25],"tags":[],"class_list":["post-11613","post","type-post","status-publish","format-standard","has-post-thumbnail","hentry","category-gremial"],"_links":{"self":[{"href":"https:\/\/eenergetica.com.ar\/index.php\/wp-json\/wp\/v2\/posts\/11613","targetHints":{"allow":["GET"]}}],"collection":[{"href":"https:\/\/eenergetica.com.ar\/index.php\/wp-json\/wp\/v2\/posts"}],"about":[{"href":"https:\/\/eenergetica.com.ar\/index.php\/wp-json\/wp\/v2\/types\/post"}],"author":[{"embeddable":true,"href":"https:\/\/eenergetica.com.ar\/index.php\/wp-json\/wp\/v2\/users\/2"}],"replies":[{"embeddable":true,"href":"https:\/\/eenergetica.com.ar\/index.php\/wp-json\/wp\/v2\/comments?post=11613"}],"version-history":[{"count":1,"href":"https:\/\/eenergetica.com.ar\/index.php\/wp-json\/wp\/v2\/posts\/11613\/revisions"}],"predecessor-version":[{"id":11615,"href":"https:\/\/eenergetica.com.ar\/index.php\/wp-json\/wp\/v2\/posts\/11613\/revisions\/11615"}],"wp:featuredmedia":[{"embeddable":true,"href":"https:\/\/eenergetica.com.ar\/index.php\/wp-json\/wp\/v2\/media\/11614"}],"wp:attachment":[{"href":"https:\/\/eenergetica.com.ar\/index.php\/wp-json\/wp\/v2\/media?parent=11613"}],"wp:term":[{"taxonomy":"category","embeddable":true,"href":"https:\/\/eenergetica.com.ar\/index.php\/wp-json\/wp\/v2\/categories?post=11613"},{"taxonomy":"post_tag","embeddable":true,"href":"https:\/\/eenergetica.com.ar\/index.php\/wp-json\/wp\/v2\/tags?post=11613"}],"curies":[{"name":"wp","href":"https:\/\/api.w.org\/{rel}","templated":true}]}}