{"id":11213,"date":"2022-04-07T14:07:19","date_gmt":"2022-04-07T17:07:19","guid":{"rendered":"http:\/\/eenergetica.com.ar\/?p=11213"},"modified":"2022-04-07T14:07:20","modified_gmt":"2022-04-07T17:07:20","slug":"murio-el-pianista-y-ex-embajador-ante-unesco-miguel-angel-estrella","status":"publish","type":"post","link":"https:\/\/eenergetica.com.ar\/index.php\/2022\/04\/07\/murio-el-pianista-y-ex-embajador-ante-unesco-miguel-angel-estrella\/","title":{"rendered":"MURI\u00d3 EL PIANISTA Y EX EMBAJADOR ANTE UNESCO MIGUEL \u00c1NGEL ESTRELLA"},"content":{"rendered":"\n<p><strong>El pianista y ex embajador argentino ante UNESCO Miguel \u00c1ngel Estrella falleci\u00f3 a los 81 a\u00f1os en Francia.<\/strong><\/p>\n\n\n\n<p>&nbsp; &nbsp;La noticia fue dada a conocer por la representaci\u00f3n argentina ante la Organizaci\u00f3n de las Naciones Unidas para la Educaci\u00f3n, la Ciencia y la Cultura (UNESCO), donde el tucumano se hab\u00eda desempe\u00f1ado entre 2003 y 2015.<\/p>\n\n\n\n<p>&nbsp;&nbsp; &#8220;La Delegaci\u00f3n Argentina ante la Unesco lamenta anunciar el fallecimiento de Miguel \u00c1ngel Estrella, quien fue Embajador de Argentina ante la Unesco y Embajador de Buena Voluntad de la Unesco, pianista y fundador de la ONG M\u00fasica Esperanza&#8221;, inform\u00f3 a trav\u00e9s de Twitter la Embajada a cargo de Marcela Losardo.<\/p>\n\n\n\n<p>&nbsp;&nbsp; El artista, que se hab\u00eda iniciado a los 12 a\u00f1os en el piano, tuvo una destacada trayectoria en la Argentina y en Francia, donde falleci\u00f3 a los 81 a\u00f1os.<\/p>\n\n\n\n<p>&nbsp;&nbsp; En la naci\u00f3n gala, Estrella hab\u00eda sido nominado Caballero de la Legi\u00f3n de Honor en Francia y condecorado con el premio Danielle Mitterrand de la Fundaci\u00f3n France Libert\u00e9s.<\/p>\n\n\n\n<p>&nbsp;&nbsp; En 2013 el Senado argentino lo hab\u00eda distinguido por su carrera y su defensa de los derechos humanos: &#8220;Quiero pelear con la m\u00fasica contra quienes quieren sojuzgarnos&#8221;, remarc\u00f3 en varias ocasiones el pianista, fundador de &#8220;M\u00fasica Esperanza&#8221;, una iniciativa con la que llev\u00f3 su arte a los sectores m\u00e1s postergados.<\/p>\n\n\n\n<p>&nbsp;&nbsp; Tras conocerse su fallecimiento, dirigentes pol\u00edticos lamentaron la noticia y destacaron su figura.<\/p>\n\n\n\n<p>&nbsp;&nbsp; &#8220;Despedimos con inmenso dolor al gran m\u00fasico argentino Miguel \u00c1ngel Estrella, ex embajador ante la UNESCO y luchador por los derechos humanos. Hasta siempre querido Miguel. Mis condolencias a familiares y amigos&#8221;, public\u00f3 la vicepresidenta, Cristina Kirchner.<\/p>\n\n\n\n<p>&nbsp;&nbsp; En tanto, el jefe de Gabinete, Juan Manzur, expres\u00f3 el &#8220;profundo pesar&#8221; por la muerte de Estrella, a quien defini\u00f3 como &#8220;un inmenso artista comprometido con su pueblo&#8221;.<\/p>\n\n\n\n<p>&nbsp;&nbsp; &#8220;Con profundo dolor despedimos a Miguel \u00c1ngel Estrella, artista de excelencia y militante por la Paz. Nos quedan su m\u00fasica, su ejemplo de vida y su inmensa lucha. Acompa\u00f1amos a sus seres queridos en este momento tan triste&#8221;, manifest\u00f3 el Ministerio de Cultura.<\/p>\n","protected":false},"excerpt":{"rendered":"<p>El pianista y ex embajador argentino ante UNESCO Miguel \u00c1ngel Estrella falleci\u00f3 a los 81 a\u00f1os en Francia. &nbsp; &nbsp;La noticia fue dada a conocer por la representaci\u00f3n argentina ante&hellip; <\/p>\n","protected":false},"author":2,"featured_media":11214,"comment_status":"closed","ping_status":"open","sticky":false,"template":"","format":"standard","meta":{"footnotes":""},"categories":[22],"tags":[],"class_list":["post-11213","post","type-post","status-publish","format-standard","has-post-thumbnail","hentry","category-sociedad"],"_links":{"self":[{"href":"https:\/\/eenergetica.com.ar\/index.php\/wp-json\/wp\/v2\/posts\/11213","targetHints":{"allow":["GET"]}}],"collection":[{"href":"https:\/\/eenergetica.com.ar\/index.php\/wp-json\/wp\/v2\/posts"}],"about":[{"href":"https:\/\/eenergetica.com.ar\/index.php\/wp-json\/wp\/v2\/types\/post"}],"author":[{"embeddable":true,"href":"https:\/\/eenergetica.com.ar\/index.php\/wp-json\/wp\/v2\/users\/2"}],"replies":[{"embeddable":true,"href":"https:\/\/eenergetica.com.ar\/index.php\/wp-json\/wp\/v2\/comments?post=11213"}],"version-history":[{"count":1,"href":"https:\/\/eenergetica.com.ar\/index.php\/wp-json\/wp\/v2\/posts\/11213\/revisions"}],"predecessor-version":[{"id":11215,"href":"https:\/\/eenergetica.com.ar\/index.php\/wp-json\/wp\/v2\/posts\/11213\/revisions\/11215"}],"wp:featuredmedia":[{"embeddable":true,"href":"https:\/\/eenergetica.com.ar\/index.php\/wp-json\/wp\/v2\/media\/11214"}],"wp:attachment":[{"href":"https:\/\/eenergetica.com.ar\/index.php\/wp-json\/wp\/v2\/media?parent=11213"}],"wp:term":[{"taxonomy":"category","embeddable":true,"href":"https:\/\/eenergetica.com.ar\/index.php\/wp-json\/wp\/v2\/categories?post=11213"},{"taxonomy":"post_tag","embeddable":true,"href":"https:\/\/eenergetica.com.ar\/index.php\/wp-json\/wp\/v2\/tags?post=11213"}],"curies":[{"name":"wp","href":"https:\/\/api.w.org\/{rel}","templated":true}]}}