{"id":11210,"date":"2022-04-07T14:02:03","date_gmt":"2022-04-07T17:02:03","guid":{"rendered":"http:\/\/eenergetica.com.ar\/?p=11210"},"modified":"2022-04-07T14:02:03","modified_gmt":"2022-04-07T17:02:03","slug":"en-apoyo-al-gobierno-y-con-el-objetivo-de-transmitir-que-puede-haber-un-2023-rossi-prepara-un-encuentro-peronista-en-santa-fe","status":"publish","type":"post","link":"https:\/\/eenergetica.com.ar\/index.php\/2022\/04\/07\/en-apoyo-al-gobierno-y-con-el-objetivo-de-transmitir-que-puede-haber-un-2023-rossi-prepara-un-encuentro-peronista-en-santa-fe\/","title":{"rendered":"EN APOYO AL GOBIERNO Y CON EL OBJETIVO DE TRANSMITIR QUE &#8220;PUEDE HABER UN 2023&#8221;, ROSSI PREPARA UN ENCUENTRO PERONISTA EN SANTA FE"},"content":{"rendered":"\n<p><strong>En medio de la interna que vive la c\u00fapula oficialista, el espacio liderado por el ex ministro de Defensa Agust\u00edn Rossi prepara para el pr\u00f3ximo s\u00e1bado un encuentro peronista en apoyo al Gobierno nacional y con el objetivo de transmitir que &#8220;puede haber un 2023&#8221;.<\/strong><\/p>\n\n\n\n<p>&nbsp; &nbsp;&#8220;Es un modelo de actividad pensado para reflexionar. Es un espacio donde exponen compa\u00f1eros que tienen responsabilidad de gesti\u00f3n, m\u00e1s compa\u00f1eros intelectuales que tienen la posibilidad de interpelar al otro&#8221;, explic\u00f3 Rossi en declaraciones a NA.<\/p>\n\n\n\n<p>&nbsp;&nbsp; El encuentro, que se llevar\u00e1 a cabo el pr\u00f3ximo s\u00e1bado en la ciudad santafesina de Rosario, est\u00e1 coordinado por la Corriente Nacional de la Militancia para &#8220;reflexionar sobre el presente y el futuro de la Argentina&#8221; junto a referentes de la pol\u00edtica y el pensamiento nacional.<\/p>\n\n\n\n<p>&nbsp;&nbsp; &#8220;No creo que salgan propuestas en concreto. La idea es generar un \u00e1mbito donde los compa\u00f1eros que tienen responsabilidad de gesti\u00f3n puedan contar qu\u00e9 es lo que est\u00e1n haciendo, y que los pensadores puedan interpelar y darle una mirada mucho m\u00e1s estrat\u00e9gica. No tiene previsto una conclusi\u00f3n&#8221;, indic\u00f3.<\/p>\n\n\n\n<p>&nbsp;&nbsp; Seg\u00fan explic\u00f3 a Noticias Argentinas, el prop\u00f3sito del espacio de encuentro &#8220;es ir transmitiendo la idea de que puede haber un 2023 y salir de la idea derrotista que existe de que las elecciones del 2023 ya est\u00e1n jugadas&#8221;.<\/p>\n\n\n\n<p>&nbsp;&nbsp; &#8220;Me parece a m\u00ed que lo que a veces nos falta es el relato de lo que estamos haciendo. Hay mucho relato sobre lo que nos falta hacer, pero poco sobre lo que est\u00e1 en marcha&#8221;, manifest\u00f3.<\/p>\n\n\n\n<p>&nbsp;&nbsp; Rossi tuvo la oportunidad de comentarle al presidente Alberto Fern\u00e1ndez acerca de la actividad, dado que este martes se acerc\u00f3 a la Casa Rosada para reunirse a solas con el jefe de Estado.<\/p>\n\n\n\n<p>&nbsp;&nbsp; &#8220;Hablamos de la gesti\u00f3n del Gobierno y le coment\u00e9 de esta actividad. Cuando el Presidente tiene un poco de tiempo y yo estoy en Buenos Aires suelo juntarme con \u00e9l&#8221;, se\u00f1al\u00f3 Rossi.<\/p>\n\n\n\n<p>&nbsp; &nbsp;Ante la consulta de NA respecto de si Fern\u00e1ndez fue invitado al<\/p>\n\n\n\n<p>encuentro, respondi\u00f3: &#8220;No es una actividad para que asista el Presidente. Est\u00e1 pensada para que asistan compa\u00f1eros que tienen responsabilidad de gesti\u00f3n para que cuenten lo que se est\u00e1 haciendo&#8221;.<\/p>\n\n\n\n<p>&nbsp;&nbsp; La actividad, que est\u00e1 prevista de 14 a 19 en el Mercado del Patio, contar\u00e1 con la presencia de los ministros Mat\u00edas Kulfas (Desarrollo Productivo), Gabriel Katopodis (Obras P\u00fablicas), Jorge Ferraresi (Desarrollo Territorial y H\u00e1bitat) y Daniel Filmus (Ciencia, Tecnolog\u00eda e Innovaci\u00f3n).<\/p>\n\n\n\n<p>&nbsp;&nbsp; Tambi\u00e9n estar\u00e1 presenta la titular de la AFIP, Mercedes Marc\u00f3 del Pont; la secretaria de Relaciones Econ\u00f3micas Internacionales, Cecilia Todesca; el jefe del bloque del Frente de Todos en la C\u00e1mara de Diputados, Germ\u00e1n Mart\u00ednez; y el fil\u00f3sofo y asesor presidencial Ricardo Forster, entre otros.<\/p>\n","protected":false},"excerpt":{"rendered":"<p>En medio de la interna que vive la c\u00fapula oficialista, el espacio liderado por el ex ministro de Defensa Agust\u00edn Rossi prepara para el pr\u00f3ximo s\u00e1bado un encuentro peronista en&hellip; <\/p>\n","protected":false},"author":2,"featured_media":11211,"comment_status":"closed","ping_status":"open","sticky":false,"template":"","format":"standard","meta":{"footnotes":""},"categories":[24],"tags":[],"class_list":["post-11210","post","type-post","status-publish","format-standard","has-post-thumbnail","hentry","category-provincia"],"_links":{"self":[{"href":"https:\/\/eenergetica.com.ar\/index.php\/wp-json\/wp\/v2\/posts\/11210","targetHints":{"allow":["GET"]}}],"collection":[{"href":"https:\/\/eenergetica.com.ar\/index.php\/wp-json\/wp\/v2\/posts"}],"about":[{"href":"https:\/\/eenergetica.com.ar\/index.php\/wp-json\/wp\/v2\/types\/post"}],"author":[{"embeddable":true,"href":"https:\/\/eenergetica.com.ar\/index.php\/wp-json\/wp\/v2\/users\/2"}],"replies":[{"embeddable":true,"href":"https:\/\/eenergetica.com.ar\/index.php\/wp-json\/wp\/v2\/comments?post=11210"}],"version-history":[{"count":1,"href":"https:\/\/eenergetica.com.ar\/index.php\/wp-json\/wp\/v2\/posts\/11210\/revisions"}],"predecessor-version":[{"id":11212,"href":"https:\/\/eenergetica.com.ar\/index.php\/wp-json\/wp\/v2\/posts\/11210\/revisions\/11212"}],"wp:featuredmedia":[{"embeddable":true,"href":"https:\/\/eenergetica.com.ar\/index.php\/wp-json\/wp\/v2\/media\/11211"}],"wp:attachment":[{"href":"https:\/\/eenergetica.com.ar\/index.php\/wp-json\/wp\/v2\/media?parent=11210"}],"wp:term":[{"taxonomy":"category","embeddable":true,"href":"https:\/\/eenergetica.com.ar\/index.php\/wp-json\/wp\/v2\/categories?post=11210"},{"taxonomy":"post_tag","embeddable":true,"href":"https:\/\/eenergetica.com.ar\/index.php\/wp-json\/wp\/v2\/tags?post=11210"}],"curies":[{"name":"wp","href":"https:\/\/api.w.org\/{rel}","templated":true}]}}