{"id":11207,"date":"2022-04-07T13:57:01","date_gmt":"2022-04-07T16:57:01","guid":{"rendered":"http:\/\/eenergetica.com.ar\/?p=11207"},"modified":"2022-04-07T13:57:03","modified_gmt":"2022-04-07T16:57:03","slug":"plaini-reclamo-al-gobierno-que-atienda-los-temas-urgentes-y-tome-medidas-con-conviccion","status":"publish","type":"post","link":"https:\/\/eenergetica.com.ar\/index.php\/2022\/04\/07\/plaini-reclamo-al-gobierno-que-atienda-los-temas-urgentes-y-tome-medidas-con-conviccion\/","title":{"rendered":"PLAINI RECLAM\u00d3 AL GOBIERNO QUE ATIENDA LOS TEMAS &#8220;URGENTES&#8221; Y TOME MEDIDAS &#8220;CON CONVICCI\u00d3N&#8221;"},"content":{"rendered":"\n<p><strong>El secretario general del sindicato de canillitas, Omar Plaini, reclam\u00f3 al Gobierno que atienda los temas &#8220;urgentes&#8221; que afectan a la poblaci\u00f3n y pidi\u00f3 que se tomen medidas &#8220;con convicci\u00f3n&#8221;.<\/strong><\/p>\n\n\n\n<p>&nbsp; &nbsp;&#8220;Cuando llegas a un Gobierno ten\u00e9s que tener planificado por lo menos un plan socioecon\u00f3mico. Hay un gran debate en nuestra fuerza pol\u00edtica: la discusi\u00f3n es si creemos en un Estado articulador que sienta a las partes y pensamos que vamos a poder congeniar esos intereses o en un Estado fuertemente regulador, que se pone en medio de la disputa de intereses&#8221;, sostuvo el referente gremial.<\/p>\n\n\n\n<p>&nbsp;&nbsp; En di\u00e1logo con Sin Relato, el programa que conduce Antonio Fern\u00e1ndez Llorente en La990, el tambi\u00e9n senador bonaerense subray\u00f3 que &#8220;hay cosas que son urgentes&#8221; para atender.<\/p>\n\n\n\n<p>&nbsp;&nbsp; &#8220;En el equipo que acompa\u00f1a al Ejecutivo hay que discutir cuestiones como precios, salarios, jubilaciones y tarifas. A veces nos encasillamos con un solo objetivo y ac\u00e1 hay una multiplicidad de factores&#8221;, manifest\u00f3 Plaini, en alusi\u00f3n a que la negociaci\u00f3n con el Fondo Monetario Internacional (FMI) monopoliz\u00f3 la agenda del Gobierno.<\/p>\n\n\n\n<p>&nbsp;&nbsp; En ese sentido, consider\u00f3 que &#8220;hay que tomar medidas&#8221;, aunque aclar\u00f3 que &#8220;las cosas se hacen con convicci\u00f3n&#8221;. &#8220;Para hacer una tortilla hay que romper huevos, dec\u00eda Per\u00f3n. Por ejemplo, el caso Vicent\u00edn. Ah\u00ed fuimos flojitos&#8221;, rememor\u00f3.<\/p>\n\n\n\n<p>&nbsp;&nbsp; Pese a los cuestionamientos a la Casa Rosada, el sindicalista hizo un llamado a la unidad: &#8220;Tenemos que sostener nuestro Gobierno, con diferencias, discusiones, pero sostenerlo. Ojal\u00e1 pueda institucionalizarse una mesa de discusi\u00f3n pol\u00edtica&#8221;.<\/p>\n","protected":false},"excerpt":{"rendered":"<p>El secretario general del sindicato de canillitas, Omar Plaini, reclam\u00f3 al Gobierno que atienda los temas &#8220;urgentes&#8221; que afectan a la poblaci\u00f3n y pidi\u00f3 que se tomen medidas &#8220;con convicci\u00f3n&#8221;.&hellip; <\/p>\n","protected":false},"author":2,"featured_media":11208,"comment_status":"closed","ping_status":"open","sticky":false,"template":"","format":"standard","meta":{"footnotes":""},"categories":[25],"tags":[],"class_list":["post-11207","post","type-post","status-publish","format-standard","has-post-thumbnail","hentry","category-gremial"],"_links":{"self":[{"href":"https:\/\/eenergetica.com.ar\/index.php\/wp-json\/wp\/v2\/posts\/11207","targetHints":{"allow":["GET"]}}],"collection":[{"href":"https:\/\/eenergetica.com.ar\/index.php\/wp-json\/wp\/v2\/posts"}],"about":[{"href":"https:\/\/eenergetica.com.ar\/index.php\/wp-json\/wp\/v2\/types\/post"}],"author":[{"embeddable":true,"href":"https:\/\/eenergetica.com.ar\/index.php\/wp-json\/wp\/v2\/users\/2"}],"replies":[{"embeddable":true,"href":"https:\/\/eenergetica.com.ar\/index.php\/wp-json\/wp\/v2\/comments?post=11207"}],"version-history":[{"count":1,"href":"https:\/\/eenergetica.com.ar\/index.php\/wp-json\/wp\/v2\/posts\/11207\/revisions"}],"predecessor-version":[{"id":11209,"href":"https:\/\/eenergetica.com.ar\/index.php\/wp-json\/wp\/v2\/posts\/11207\/revisions\/11209"}],"wp:featuredmedia":[{"embeddable":true,"href":"https:\/\/eenergetica.com.ar\/index.php\/wp-json\/wp\/v2\/media\/11208"}],"wp:attachment":[{"href":"https:\/\/eenergetica.com.ar\/index.php\/wp-json\/wp\/v2\/media?parent=11207"}],"wp:term":[{"taxonomy":"category","embeddable":true,"href":"https:\/\/eenergetica.com.ar\/index.php\/wp-json\/wp\/v2\/categories?post=11207"},{"taxonomy":"post_tag","embeddable":true,"href":"https:\/\/eenergetica.com.ar\/index.php\/wp-json\/wp\/v2\/tags?post=11207"}],"curies":[{"name":"wp","href":"https:\/\/api.w.org\/{rel}","templated":true}]}}