{"id":11181,"date":"2022-04-06T09:22:52","date_gmt":"2022-04-06T12:22:52","guid":{"rendered":"http:\/\/eenergetica.com.ar\/?p=11181"},"modified":"2022-04-06T09:22:53","modified_gmt":"2022-04-06T12:22:53","slug":"comenzara-el-junio-el-tercer-juicio-por-el-crimen-de-maria-marta-garcia-belsunce","status":"publish","type":"post","link":"https:\/\/eenergetica.com.ar\/index.php\/2022\/04\/06\/comenzara-el-junio-el-tercer-juicio-por-el-crimen-de-maria-marta-garcia-belsunce\/","title":{"rendered":"COMENZAR\u00c1 EL JUNIO EL TERCER JUICIO POR EL CRIMEN DE MAR\u00cdA MARTA GARC\u00cdA BELSUNCE"},"content":{"rendered":"\n<p><strong>El tercer juicio por el crimen de Mar\u00eda Marta Garc\u00eda Belsunce, ocurrido el 27 de octubre de 2002 en el country Carmel de Pilar, comenzar\u00e1 el pr\u00f3ximo 1 de junio y el principal imputado, el ex vecino de la v\u00edctima, Nicol\u00e1s Pachelo, llega al debate acusado por el homicidio.<\/strong><\/p>\n\n\n\n<p>&nbsp; &nbsp;Adem\u00e1s, el Tribunal Oral en lo Criminal (TOC) 4 de San Isidro, lo juzgar\u00e1 luego por ocho robos cometidos en barrios privados ubicados en las localidades bonaerenses de Pilar, Tigre y Berazategui.<\/p>\n\n\n\n<p>&nbsp;&nbsp; Est\u00e1 previsto que el juicio por el crimen de Mar\u00eda Marta se realice en 31 jornadas, las que fueron fijadas entre el 1 de junio y el 19 de agosto.<\/p>\n\n\n\n<p>&nbsp;&nbsp; Pachelo est\u00e1 acusado como coautor del delito de homicidio agravado junto a dos ex vigiladores del country: Norberto Glennon, de 56 a\u00f1os, y Jos\u00e9 Ram\u00f3n Alejandro Ortiz, de 44.<\/p>\n\n\n\n<p>&nbsp;&nbsp; El ex vecino de la v\u00edctima est\u00e1 preso desde abril de 2018 por la causa de los robos en diferentes barrios privados.<\/p>\n\n\n\n<p>&nbsp;&nbsp; El fiscal Andr\u00e9s Quintana, quien investig\u00f3 el crimen junto a la fiscal fallecida Mar\u00eda In\u00e9s Dom\u00ednguez, hab\u00eda solicitado que a Pachelo se lo juzgara tambi\u00e9n por los robos en un mismo juicio ya que consideraban que el crimen de Mar\u00eda Marta se dio en medio de un robo.<\/p>\n\n\n\n<p>&nbsp;&nbsp; Sin embargo, los jueces del Tribunal Oral en lo Criminal N\u00b04 de San Isidro se opusieron, y es por eso que habr\u00e1 dos juicios contra Pachelo.<\/p>\n\n\n\n<p>&nbsp;&nbsp; La familia de la v\u00edctima siempre apunt\u00f3 a Pachelo como el autor del crimen.<\/p>\n","protected":false},"excerpt":{"rendered":"<p>El tercer juicio por el crimen de Mar\u00eda Marta Garc\u00eda Belsunce, ocurrido el 27 de octubre de 2002 en el country Carmel de Pilar, comenzar\u00e1 el pr\u00f3ximo 1 de junio&hellip; <\/p>\n","protected":false},"author":2,"featured_media":11182,"comment_status":"closed","ping_status":"open","sticky":false,"template":"","format":"standard","meta":{"footnotes":""},"categories":[22],"tags":[],"class_list":["post-11181","post","type-post","status-publish","format-standard","has-post-thumbnail","hentry","category-sociedad"],"_links":{"self":[{"href":"https:\/\/eenergetica.com.ar\/index.php\/wp-json\/wp\/v2\/posts\/11181","targetHints":{"allow":["GET"]}}],"collection":[{"href":"https:\/\/eenergetica.com.ar\/index.php\/wp-json\/wp\/v2\/posts"}],"about":[{"href":"https:\/\/eenergetica.com.ar\/index.php\/wp-json\/wp\/v2\/types\/post"}],"author":[{"embeddable":true,"href":"https:\/\/eenergetica.com.ar\/index.php\/wp-json\/wp\/v2\/users\/2"}],"replies":[{"embeddable":true,"href":"https:\/\/eenergetica.com.ar\/index.php\/wp-json\/wp\/v2\/comments?post=11181"}],"version-history":[{"count":1,"href":"https:\/\/eenergetica.com.ar\/index.php\/wp-json\/wp\/v2\/posts\/11181\/revisions"}],"predecessor-version":[{"id":11183,"href":"https:\/\/eenergetica.com.ar\/index.php\/wp-json\/wp\/v2\/posts\/11181\/revisions\/11183"}],"wp:featuredmedia":[{"embeddable":true,"href":"https:\/\/eenergetica.com.ar\/index.php\/wp-json\/wp\/v2\/media\/11182"}],"wp:attachment":[{"href":"https:\/\/eenergetica.com.ar\/index.php\/wp-json\/wp\/v2\/media?parent=11181"}],"wp:term":[{"taxonomy":"category","embeddable":true,"href":"https:\/\/eenergetica.com.ar\/index.php\/wp-json\/wp\/v2\/categories?post=11181"},{"taxonomy":"post_tag","embeddable":true,"href":"https:\/\/eenergetica.com.ar\/index.php\/wp-json\/wp\/v2\/tags?post=11181"}],"curies":[{"name":"wp","href":"https:\/\/api.w.org\/{rel}","templated":true}]}}