{"id":11095,"date":"2022-04-03T21:13:47","date_gmt":"2022-04-04T00:13:47","guid":{"rendered":"http:\/\/eenergetica.com.ar\/?p=11095"},"modified":"2022-04-03T21:13:48","modified_gmt":"2022-04-04T00:13:48","slug":"feletti-si-las-politicas-micro-no-se-inscriben-en-un-plan-macroeconomico-vamos-a-fracasar","status":"publish","type":"post","link":"https:\/\/eenergetica.com.ar\/index.php\/2022\/04\/03\/feletti-si-las-politicas-micro-no-se-inscriben-en-un-plan-macroeconomico-vamos-a-fracasar\/","title":{"rendered":"FELETTI: &#8220;SI LAS POL\u00cdTICAS MICRO NO SE INSCRIBEN EN UN PLAN MACROECON\u00d3MICO, VAMOS A FRACASAR&#8221;"},"content":{"rendered":"\n<p><strong>El secretario de Comercio Interior, Roberto Feletti, lanz\u00f3 hoy una advertencia hacia adentro del equipo econ\u00f3mico al asegurar que si las pol\u00edticas de control de precios no est\u00e1n inscriptas en un programa macroecon\u00f3mico, van a &#8220;fracasar&#8221;.<\/strong><\/p>\n\n\n\n<p>&nbsp; &nbsp;&#8220;La Secretar\u00eda de Comercio trabaja en la micro, en evitar abusos y en regular precios. Si no se inscriben en un programa macroecon\u00f3mico consistente con estas pol\u00edticas micro, obviamente vamos a fracasar o simplemente van a ser amortiguadores&#8221;, advirti\u00f3 Feletti.<\/p>\n\n\n\n<p>&nbsp;&nbsp; En declaraciones al programa Hagamos Algo con Esto, que se emite por AM990, reiter\u00f3 el planteo de incrementar las retenciones a las exportaciones del sector agropecuario, una medida que rechaza el ministro de Agricultura, Juli\u00e1n Dom\u00ednguez, y que el propio presidente Alberto Fern\u00e1ndez trata de evitar para no generar un conflicto con la Mesa de Enlace.<\/p>\n\n\n\n<p>&nbsp;&nbsp; &#8220;Cuando yo planteo lo de los derechos de exportaci\u00f3n es porque uno ve\u00eda venir una suba de precios internacionales que se agudiza con la guerra&#8221;, explic\u00f3.<\/p>\n\n\n\n<p>&nbsp;&nbsp; El funcionario nacional revel\u00f3: &#8220;Hay s\u00f3lo una empresa que me dice que el precio de la mayonesa sube porque no hay aceite de girasol, que es insumo, y tiene justificativo&#8221;.<\/p>\n\n\n\n<p>&nbsp;&nbsp; Adem\u00e1s, volvi\u00f3 a plantear diferencias con el resto de los funcionarios del \u00e1rea econ\u00f3mica en relaci\u00f3n a la forma en que se deber\u00eda conformar la mesa de discusi\u00f3n entre empresarios y sindicalistas, que tiene por un lado a la Uni\u00f3n Industrial Argentina (UIA) y la Confederaci\u00f3n General del Trabajo (CGT).<\/p>\n\n\n\n<p>&nbsp;&nbsp; &#8220;Celebro que se haya armado una mesa de concertaci\u00f3n. A mi juicio, falta la Mesa de Enlace porque son quienes tienen que decir, en t\u00e9rminos de precio y cantidad, cu\u00e1l es la oferta alimentaria de los argentinos&#8221;, argument\u00f3.<\/p>\n\n\n\n<p>&nbsp;&nbsp; En ese marco, el secretario de Comercio Interior vincul\u00f3 la inflaci\u00f3n con los precios de exportaci\u00f3n de los productos alimentarios: &#8220;Entiendo que necesitemos d\u00f3lares de las exportaciones pero, entonces, no pidamos estabilidad de precios internos. Esto es as\u00ed&#8221;.<\/p>\n\n\n\n<p>&nbsp;&nbsp; &#8220;En esa mesa de concertaci\u00f3n tienen que estar sentados los productores primarios de alimentos que digan cu\u00e1l es la oferta alimentaria, en t\u00e9rminos de precios y de cantidad, al consumo interno&#8221;, manifest\u00f3.<\/p>\n\n\n\n<p>&nbsp;&nbsp; Y agreg\u00f3: &#8220;Si nosotros vamos a apostar a la asignaci\u00f3n de recursos por el mercado, entonces vamos a tener problemas graves.<br>&nbsp;&nbsp;Si uno mira el mundo, todos los Estados est\u00e1n interviniendo.<\/p>\n\n\n\n<p>&nbsp;&nbsp;Incluso todos los analistas est\u00e1n hablando de crisis alimentaria.<br>&nbsp;&nbsp;Yo soy un defensor de la intervenci\u00f3n estatal&#8221;.<\/p>\n\n\n\n<p>&nbsp;&nbsp; En ese marco, Feletti retruc\u00f3: &#8220;No pidan que el Secretario de Comercio estabilice precios. Puede aplicar pol\u00edticas de contenci\u00f3n. Tiene que haber regulaci\u00f3n concreta de los mercados alimentarios, si no, efectivamente, el impacto de la situaci\u00f3n internacional pega de lleno en los alimentos&#8221;.<\/p>\n\n\n\n<p>&nbsp;&nbsp; &#8220;Si esa pol\u00edtica de ingresos no est\u00e1 pareada por una pol\u00edtica de precios consistente, no hay pol\u00edtica de ingresos que aguante o, en definitiva, forma parte del programa de contenci\u00f3n con canastas pero eso no va a generar realmente una recuperaci\u00f3n s\u00f3lida post- pandemia&#8221;, concluy\u00f3.<\/p>\n","protected":false},"excerpt":{"rendered":"<p>El secretario de Comercio Interior, Roberto Feletti, lanz\u00f3 hoy una advertencia hacia adentro del equipo econ\u00f3mico al asegurar que si las pol\u00edticas de control de precios no est\u00e1n inscriptas en&hellip; <\/p>\n","protected":false},"author":2,"featured_media":11096,"comment_status":"closed","ping_status":"open","sticky":false,"template":"","format":"standard","meta":{"footnotes":""},"categories":[25],"tags":[],"class_list":["post-11095","post","type-post","status-publish","format-standard","has-post-thumbnail","hentry","category-gremial"],"_links":{"self":[{"href":"https:\/\/eenergetica.com.ar\/index.php\/wp-json\/wp\/v2\/posts\/11095","targetHints":{"allow":["GET"]}}],"collection":[{"href":"https:\/\/eenergetica.com.ar\/index.php\/wp-json\/wp\/v2\/posts"}],"about":[{"href":"https:\/\/eenergetica.com.ar\/index.php\/wp-json\/wp\/v2\/types\/post"}],"author":[{"embeddable":true,"href":"https:\/\/eenergetica.com.ar\/index.php\/wp-json\/wp\/v2\/users\/2"}],"replies":[{"embeddable":true,"href":"https:\/\/eenergetica.com.ar\/index.php\/wp-json\/wp\/v2\/comments?post=11095"}],"version-history":[{"count":1,"href":"https:\/\/eenergetica.com.ar\/index.php\/wp-json\/wp\/v2\/posts\/11095\/revisions"}],"predecessor-version":[{"id":11097,"href":"https:\/\/eenergetica.com.ar\/index.php\/wp-json\/wp\/v2\/posts\/11095\/revisions\/11097"}],"wp:featuredmedia":[{"embeddable":true,"href":"https:\/\/eenergetica.com.ar\/index.php\/wp-json\/wp\/v2\/media\/11096"}],"wp:attachment":[{"href":"https:\/\/eenergetica.com.ar\/index.php\/wp-json\/wp\/v2\/media?parent=11095"}],"wp:term":[{"taxonomy":"category","embeddable":true,"href":"https:\/\/eenergetica.com.ar\/index.php\/wp-json\/wp\/v2\/categories?post=11095"},{"taxonomy":"post_tag","embeddable":true,"href":"https:\/\/eenergetica.com.ar\/index.php\/wp-json\/wp\/v2\/tags?post=11095"}],"curies":[{"name":"wp","href":"https:\/\/api.w.org\/{rel}","templated":true}]}}