{"id":11092,"date":"2022-04-03T21:08:41","date_gmt":"2022-04-04T00:08:41","guid":{"rendered":"http:\/\/eenergetica.com.ar\/?p=11092"},"modified":"2022-04-03T21:08:42","modified_gmt":"2022-04-04T00:08:42","slug":"las-ventas-minoristas-pymes-crecieron-15-anual-en-marzo","status":"publish","type":"post","link":"https:\/\/eenergetica.com.ar\/index.php\/2022\/04\/03\/las-ventas-minoristas-pymes-crecieron-15-anual-en-marzo\/","title":{"rendered":"LAS VENTAS MINORISTAS PYMES CRECIERON 15% ANUAL EN MARZO"},"content":{"rendered":"\n<p><strong>Las ventas minoristas pymes a precios constantes subieron 15 por ciento anual en marzo, y acumulan as\u00ed un alza de 20,4 por ciento en el primer trimestre del a\u00f1o, al tiempo que frente a febrero subieron 12,8 por ciento, seg\u00fan un informe dado a conocer hoy por la Confederaci\u00f3n Argentina de la Mediana Empresa (CAME).<\/strong><\/p>\n\n\n\n<p>&nbsp; &nbsp;La entidad explic\u00f3 que &#8220;el inicio de las clases presenciales en todos los niveles educativos impuls\u00f3 las ventas de indumentaria y calzados, especialmente si se lo compara contra 2021, cuando todav\u00eda prevalec\u00eda la modalidad de clases virtual&#8221;.<\/p>\n\n\n\n<p>&nbsp;&nbsp; A\u00fan as\u00ed, indicaron que a pesar del impulso en los rubros favorecidos por el inicio del ciclo lectivo, &#8220;fue un mes dif\u00edcil para el empresario pyme, que se vio muy afectado por las subas de precios de reposici\u00f3n de la mercader\u00eda, demoras en las entregas y faltantes de productos&#8221;.<\/p>\n\n\n\n<p>&nbsp;&nbsp; El \u00cdndice de Ventas Minoristas Pymes (IVM) revel\u00f3 que el 50,5% de los comercios relevados comentaron que sus ventas del mes fueron entre buenas y muy buenas (vs 56,5% el mes anterior), mientras que el 36,7% calific\u00f3 como buenas o muy buenas las utilidades obtenidas.<\/p>\n\n\n\n<p>&nbsp;&nbsp; Los mayores aumentos interanuales ocurrieron en Calzado y marroquiner\u00eda (+29,8%), Bazar, decoraci\u00f3n, textiles del hogar y muebles (+25%) y el rubro Indumentaria, lencer\u00eda y textil (+22,8%).<\/p>\n\n\n\n<p>&nbsp;&nbsp; El detalle rubro por rubro:<\/p>\n\n\n\n<p>Alimentos y bebidas: las ventas en marzo subieron 9,9% anual y acumulan un aumento de 23% para el primer trimestre del a\u00f1o frente al mismo periodo del a\u00f1o pasado. En la comparaci\u00f3n mensual, las ventas se retrajeron 5,8%.<\/p>\n\n\n\n<p>&nbsp;&nbsp; Bazar, decoraci\u00f3n, textiles para el hogar y muebles: las ventas en marzo subieron 25% anual y 20,4% mensual, a precios constantes.<br>&nbsp;&nbsp;Para el primer trimestre del a\u00f1o acumulan un incremento de 25%.<br>&nbsp;&nbsp; Indumentaria, lencer\u00eda y accesorios: las ventas subieron 22,8% anual en marzo y 26,6% mensual.<\/p>\n\n\n\n<p>&nbsp;&nbsp; Calzado y marroquiner\u00eda: en marzo se vendi\u00f3 29,8% m\u00e1s que en el mismo mes del a\u00f1o pasado y 43,8% por encima que en febrero (medidas a precios constantes). Para el primer trimestre del a\u00f1o acumulan un incremento de 30,8%.<\/p>\n\n\n\n<p>&nbsp;&nbsp; Ferreter\u00eda, materiales el\u00e9ctricos y materiales de la construcci\u00f3n: las ventas crecieron 14,1% anual a precios constantes en marzo y 12,8% en la comparaci\u00f3n mensual. Para el primer trimestre del a\u00f1o acumulan un incremento de 18,4%.<\/p>\n","protected":false},"excerpt":{"rendered":"<p>Las ventas minoristas pymes a precios constantes subieron 15 por ciento anual en marzo, y acumulan as\u00ed un alza de 20,4 por ciento en el primer trimestre del a\u00f1o, al&hellip; <\/p>\n","protected":false},"author":2,"featured_media":11093,"comment_status":"closed","ping_status":"open","sticky":false,"template":"","format":"standard","meta":{"footnotes":""},"categories":[21],"tags":[],"class_list":["post-11092","post","type-post","status-publish","format-standard","has-post-thumbnail","hentry","category-economia"],"_links":{"self":[{"href":"https:\/\/eenergetica.com.ar\/index.php\/wp-json\/wp\/v2\/posts\/11092","targetHints":{"allow":["GET"]}}],"collection":[{"href":"https:\/\/eenergetica.com.ar\/index.php\/wp-json\/wp\/v2\/posts"}],"about":[{"href":"https:\/\/eenergetica.com.ar\/index.php\/wp-json\/wp\/v2\/types\/post"}],"author":[{"embeddable":true,"href":"https:\/\/eenergetica.com.ar\/index.php\/wp-json\/wp\/v2\/users\/2"}],"replies":[{"embeddable":true,"href":"https:\/\/eenergetica.com.ar\/index.php\/wp-json\/wp\/v2\/comments?post=11092"}],"version-history":[{"count":1,"href":"https:\/\/eenergetica.com.ar\/index.php\/wp-json\/wp\/v2\/posts\/11092\/revisions"}],"predecessor-version":[{"id":11094,"href":"https:\/\/eenergetica.com.ar\/index.php\/wp-json\/wp\/v2\/posts\/11092\/revisions\/11094"}],"wp:featuredmedia":[{"embeddable":true,"href":"https:\/\/eenergetica.com.ar\/index.php\/wp-json\/wp\/v2\/media\/11093"}],"wp:attachment":[{"href":"https:\/\/eenergetica.com.ar\/index.php\/wp-json\/wp\/v2\/media?parent=11092"}],"wp:term":[{"taxonomy":"category","embeddable":true,"href":"https:\/\/eenergetica.com.ar\/index.php\/wp-json\/wp\/v2\/categories?post=11092"},{"taxonomy":"post_tag","embeddable":true,"href":"https:\/\/eenergetica.com.ar\/index.php\/wp-json\/wp\/v2\/tags?post=11092"}],"curies":[{"name":"wp","href":"https:\/\/api.w.org\/{rel}","templated":true}]}}