{"id":11083,"date":"2022-04-03T20:58:49","date_gmt":"2022-04-03T23:58:49","guid":{"rendered":"http:\/\/eenergetica.com.ar\/?p=11083"},"modified":"2022-04-03T20:58:50","modified_gmt":"2022-04-03T23:58:50","slug":"capitanich-aseguro-que-el-gobierno-debe-trabajar-en-un-plan-antiinflacionario-para-imponerse-en-2023","status":"publish","type":"post","link":"https:\/\/eenergetica.com.ar\/index.php\/2022\/04\/03\/capitanich-aseguro-que-el-gobierno-debe-trabajar-en-un-plan-antiinflacionario-para-imponerse-en-2023\/","title":{"rendered":"CAPITANICH ASEGUR\u00d3 QUE EL GOBIERNO DEBE TRABAJAR EN &#8220;UN PLAN ANTIINFLACIONARIO&#8221; PARA IMPONERSE EN 2023"},"content":{"rendered":"\n<p><strong>Con la mira en las elecciones presidenciales de 2023, el mandatario de Chaco, Jorge Capitanich, asegur\u00f3 que el Gobierno debe trabajar en solucionar los problemas de inflaci\u00f3n que configuran un serio da\u00f1o en la sociedad.<\/strong><\/p>\n\n\n\n<p>&nbsp; &nbsp;&#8220;Tenemos que todos trabajaren un plan antiinflacionario, porque la gente tiene serios problemas, sobre todo en el precio de los alimentos&#8221;, caracteriz\u00f3 en di\u00e1logo con el programa &#8220;Habl\u00e1 por vos&#8221;, que conduce Claudio Albarenque por radio AM La990.<\/p>\n\n\n\n<p>&nbsp;&nbsp; Asimismo, continu\u00f3: &#8220;La bater\u00eda de medidas tiene que tener espalda y apoyo pol\u00edtico para garantizar su efectividad. Eso despu\u00e9s te da un puente hacia el a\u00f1o 2023, el tema central es que hay que resolver los problemas ahora&#8221;.<\/p>\n\n\n\n<p>&nbsp;&nbsp; Capitanich defini\u00f3 a la inflaci\u00f3n como &#8220;un problema de escenario internacional, nacional, regional y provincial&#8221; y asegur\u00f3 que &#8220;las buenas intenciones&#8221; no alcanzan para hacerle frente a la problem\u00e1tica sino que hace falta adoptar una multiplicidad de medidas que &#8220;que tiendan a converger respecto de la reducci\u00f3n de precios&#8221;.<\/p>\n\n\n\n<p>&nbsp;&nbsp; &#8220;La econom\u00eda se administra sobre la base de un conjunto de precios relativos: uno tiene el precio de la divisa -que es el tipo de cambio-, el precio de dinero -que es la tasa de inter\u00e9s-, el precio de los bienes -que, en Argentina, tiene alto nivel de concentraci\u00f3n en pocos grupos-, el precio de los servicios -que, en general, tiene capacidad regulatoria del Estado en algunos, no en todos- y, por \u00faltimo, la remuneraci\u00f3n de los trabajadores, con salarios insuficientes&#8221;, describi\u00f3 el mandatario chaque\u00f1o.<\/p>\n\n\n\n<p>&nbsp;&nbsp; Adem\u00e1s, a\u00f1adi\u00f3: &#8220;El trabajador no tiene un ingreso digno y, a su vez, el ajuste del mercado laboral se produce por incremento de la informalidad laboral, c\u00f3mo aumentamos la oferta de alimentos y un sistema de democratizaci\u00f3n de acceso a los alimentos&#8221;.<\/p>\n\n\n\n<p>&nbsp;&nbsp; El gobernador asegur\u00f3 que es responsabilidad de los actores que componen el Gobierno resolver los problemas que ata\u00f1an a la comunidad, y afirm\u00f3: &#8220;Somos los responsables y hemos sido elegidos por la voluntad popular para resolver los problemas de la gente.&nbsp;&nbsp;Para comentar los problemas, obviamente est\u00e1n ustedes (el periodismo)&#8221;.<\/p>\n\n\n\n<p>&nbsp;&nbsp; En la misma l\u00ednea, el ex jefe de Gabinete nacional hizo referencia a la tensi\u00f3n que atraviesa al Frente de Todos y pidi\u00f3 conquistar la unidad necesaria para la coexistencia de la &#8220;multiplicidad de pensamientos&#8221; presentes dentro del oficialismo.<\/p>\n\n\n\n<p>&nbsp;&nbsp; &#8220;No cabe la menor duda que nuestro desaf\u00edo es unir fuerzas y voluntades de multiplicidad de pensamientos. Hay que generar una estrategia que nos permita fortalecer la unidad en su diversidad.<br>&nbsp;&nbsp;Nos preocupa y nos ocupa buscarla&#8221;, sostuvo Capitanich.<\/p>\n\n\n\n<p>&nbsp;&nbsp; Para el gobernador es necesario &#8220;un plan de gobierno&#8221;, con equipos de alta calificaci\u00f3n que se encarguen de analizar y encontrar una soluci\u00f3n a los problemas de la sociedad.<\/p>\n\n\n\n<p>&nbsp;&nbsp; Adem\u00e1s, insisti\u00f3 en cuestionar la interna de la coalici\u00f3n de gobierno tras afirmar que, en lugar de &#8220;profundizar las diferencias&#8221;, hace falta &#8220;hacer el gran esfuerzo para profundizar las coincidencias&#8221;.<\/p>\n\n\n\n<p>&nbsp;&nbsp; &#8220;No es un problema del di\u00e1logo entre Alberto (Fern\u00e1ndez) y Cristina (Kirchner). Todos estamos y debemos estar comprometidos en resolver los problemas, hacer el m\u00e1ximo esfuerzo. Hay mucha y buena voluntad y predisposici\u00f3n, la estabilidad pol\u00edtica es un valor bien adquirido&#8221;, cont\u00f3 Capitanich.<\/p>\n\n\n\n<p>&nbsp;&nbsp; Por \u00faltimo, realiz\u00f3 una autocr\u00edtica y habl\u00f3 de &#8220;las asignaturas pendientes&#8221; del Gobierno.<\/p>\n\n\n\n<p>&nbsp;&nbsp; En ese sentido, se\u00f1al\u00f3 que la inestabilidad macroecon\u00f3mica &#8220;de origen cr\u00f3nico&#8221; no fue resuelta e indic\u00f3 que los problemas de distribuci\u00f3n asim\u00e9trica del ingreso se agudizaron aunque destac\u00f3 que al Frente de Todos le toc\u00f3 asumir en una pa\u00eds complejo.<\/p>\n","protected":false},"excerpt":{"rendered":"<p>Con la mira en las elecciones presidenciales de 2023, el mandatario de Chaco, Jorge Capitanich, asegur\u00f3 que el Gobierno debe trabajar en solucionar los problemas de inflaci\u00f3n que configuran un&hellip; <\/p>\n","protected":false},"author":2,"featured_media":11084,"comment_status":"closed","ping_status":"open","sticky":false,"template":"","format":"standard","meta":{"footnotes":""},"categories":[20],"tags":[],"class_list":["post-11083","post","type-post","status-publish","format-standard","has-post-thumbnail","hentry","category-politica"],"_links":{"self":[{"href":"https:\/\/eenergetica.com.ar\/index.php\/wp-json\/wp\/v2\/posts\/11083","targetHints":{"allow":["GET"]}}],"collection":[{"href":"https:\/\/eenergetica.com.ar\/index.php\/wp-json\/wp\/v2\/posts"}],"about":[{"href":"https:\/\/eenergetica.com.ar\/index.php\/wp-json\/wp\/v2\/types\/post"}],"author":[{"embeddable":true,"href":"https:\/\/eenergetica.com.ar\/index.php\/wp-json\/wp\/v2\/users\/2"}],"replies":[{"embeddable":true,"href":"https:\/\/eenergetica.com.ar\/index.php\/wp-json\/wp\/v2\/comments?post=11083"}],"version-history":[{"count":1,"href":"https:\/\/eenergetica.com.ar\/index.php\/wp-json\/wp\/v2\/posts\/11083\/revisions"}],"predecessor-version":[{"id":11085,"href":"https:\/\/eenergetica.com.ar\/index.php\/wp-json\/wp\/v2\/posts\/11083\/revisions\/11085"}],"wp:featuredmedia":[{"embeddable":true,"href":"https:\/\/eenergetica.com.ar\/index.php\/wp-json\/wp\/v2\/media\/11084"}],"wp:attachment":[{"href":"https:\/\/eenergetica.com.ar\/index.php\/wp-json\/wp\/v2\/media?parent=11083"}],"wp:term":[{"taxonomy":"category","embeddable":true,"href":"https:\/\/eenergetica.com.ar\/index.php\/wp-json\/wp\/v2\/categories?post=11083"},{"taxonomy":"post_tag","embeddable":true,"href":"https:\/\/eenergetica.com.ar\/index.php\/wp-json\/wp\/v2\/tags?post=11083"}],"curies":[{"name":"wp","href":"https:\/\/api.w.org\/{rel}","templated":true}]}}