{"id":11080,"date":"2022-04-03T20:55:33","date_gmt":"2022-04-03T23:55:33","guid":{"rendered":"http:\/\/eenergetica.com.ar\/?p=11080"},"modified":"2022-04-03T20:55:33","modified_gmt":"2022-04-03T23:55:33","slug":"ritondo-recorre-la-provincia-de-la-mano-de-vidal-y-buscara-disputarle-la-candidatura-a-gobernador-por-el-pro-a-santilli","status":"publish","type":"post","link":"https:\/\/eenergetica.com.ar\/index.php\/2022\/04\/03\/ritondo-recorre-la-provincia-de-la-mano-de-vidal-y-buscara-disputarle-la-candidatura-a-gobernador-por-el-pro-a-santilli\/","title":{"rendered":"RITONDO RECORRE LA PROVINCIA DE LA MANO DE VIDAL Y BUSCAR\u00c1 DISPUTARLE LA CANDIDATURA A GOBERNADOR POR EL PRO A SANTILLI"},"content":{"rendered":"\n<p><strong>El presidente del bloque de diputados nacionales del PRO, Cristian Ritondo, est\u00e1 decidido a disputar con Diego Santilli la candidatura a gobernador bonaerense, y con ese prop\u00f3sito intensific\u00f3 en las \u00faltimas semanas las recorridas por el territorio provincial.<\/strong><\/p>\n\n\n\n<p>&nbsp; &nbsp;El viernes pasado, Ritondo particip\u00f3 junto a la ex gobernadora y actual diputada nacional Mar\u00eda Eugenia Vidal de un plenario de dirigentes y militantes del PRO de la Tercera Secci\u00f3n Electoral en Monte Grande, partido de Esteban Echeverr\u00eda.<\/p>\n\n\n\n<p>&nbsp;&nbsp; Vidal es el principal respaldo pol\u00edtico que tiene Ritondo para apuntalar su precandidatura a gobernador, por lo que ser\u00e1 habitual verlos juntos en distintas actividades en el territorio durante este a\u00f1o y el pr\u00f3ximo.<\/p>\n\n\n\n<p>&nbsp;&nbsp; Sobre la ex mandataria bonaerense, el jefe de los diputados del PRO destac\u00f3 que &#8220;siempre da la cara y escucha para conocer, en forma directa, lo que la gente piensa y necesita&#8221;.<\/p>\n\n\n\n<p>&nbsp;&nbsp; &#8220;Este contacto cara a cara con los bonaerenses nos compromete a\u00fan m\u00e1s con la causa del cambio que representamos&#8221;, agreg\u00f3 Ritondo.<\/p>\n\n\n\n<p>&nbsp;&nbsp; El diputado nacional reivindic\u00f3 la gesti\u00f3n realizada por Vidal durante los cuatro a\u00f1os en que le toc\u00f3 gobernar la provincia, y enumer\u00f3 los logros durante ese per\u00edodo de gobierno.<\/p>\n\n\n\n<p>&nbsp;&nbsp; &#8220;Tenemos un equipo que en cuatro a\u00f1os transform\u00f3 la Provincia, fortaleci\u00f3 sus instituciones, recuperamos el di\u00e1logo entre los municipios y la Gobernaci\u00f3n, dise\u00f1amos un plan estrat\u00e9gico de lucha contra las mafias y el narcotr\u00e1fico, escuchamos a todos los sectores, apoyamos a los productores rurales, a las pymes para promover fuentes de trabajo, y nunca dejamos de caminar los territorios porque gobernamos siempre con un o\u00eddo en la gente y otro en la transformaci\u00f3n estructural que hace falta&#8221;, expres\u00f3.<\/p>\n\n\n\n<p>&nbsp;&nbsp; Fuentes cercanas a Ritondo reconocieron a NA que la m\u00e1xima autoridad del PRO en DIputados &#8220;quiere ser gobernador bonaerense&#8221;, aunque en ese camino deber\u00e1 primero doblegar en la interna del partido amarillo a Santilli, quien es patrocinado por el jefe de Gobierno porte\u00f1o, Horacio Rodr\u00edguez Larreta, y apoyado por buena parte de los intendentes opositores de la provincia.<\/p>\n\n\n\n<p>&nbsp;&nbsp; Durante la actividad en Monte Grande, Ritondo y Vidal estuvieron acompa\u00f1ados por&nbsp;el presidente del Bloque de Concejales de PRO de Esteban Echeverr\u00eda, Luciano G\u00f3mez Alvari\u00f1o,&nbsp;los diputados nacionales Alejandro Finocchiaro y Gabriela Besana, los legisladores provinciales Alex Campbell y Walter Lanaro, y una veintena de concejales de la tercera secci\u00f3n.<\/p>\n","protected":false},"excerpt":{"rendered":"<p>El presidente del bloque de diputados nacionales del PRO, Cristian Ritondo, est\u00e1 decidido a disputar con Diego Santilli la candidatura a gobernador bonaerense, y con ese prop\u00f3sito intensific\u00f3 en las&hellip; <\/p>\n","protected":false},"author":2,"featured_media":11081,"comment_status":"closed","ping_status":"open","sticky":false,"template":"","format":"standard","meta":{"footnotes":""},"categories":[24],"tags":[],"class_list":["post-11080","post","type-post","status-publish","format-standard","has-post-thumbnail","hentry","category-provincia"],"_links":{"self":[{"href":"https:\/\/eenergetica.com.ar\/index.php\/wp-json\/wp\/v2\/posts\/11080","targetHints":{"allow":["GET"]}}],"collection":[{"href":"https:\/\/eenergetica.com.ar\/index.php\/wp-json\/wp\/v2\/posts"}],"about":[{"href":"https:\/\/eenergetica.com.ar\/index.php\/wp-json\/wp\/v2\/types\/post"}],"author":[{"embeddable":true,"href":"https:\/\/eenergetica.com.ar\/index.php\/wp-json\/wp\/v2\/users\/2"}],"replies":[{"embeddable":true,"href":"https:\/\/eenergetica.com.ar\/index.php\/wp-json\/wp\/v2\/comments?post=11080"}],"version-history":[{"count":1,"href":"https:\/\/eenergetica.com.ar\/index.php\/wp-json\/wp\/v2\/posts\/11080\/revisions"}],"predecessor-version":[{"id":11082,"href":"https:\/\/eenergetica.com.ar\/index.php\/wp-json\/wp\/v2\/posts\/11080\/revisions\/11082"}],"wp:featuredmedia":[{"embeddable":true,"href":"https:\/\/eenergetica.com.ar\/index.php\/wp-json\/wp\/v2\/media\/11081"}],"wp:attachment":[{"href":"https:\/\/eenergetica.com.ar\/index.php\/wp-json\/wp\/v2\/media?parent=11080"}],"wp:term":[{"taxonomy":"category","embeddable":true,"href":"https:\/\/eenergetica.com.ar\/index.php\/wp-json\/wp\/v2\/categories?post=11080"},{"taxonomy":"post_tag","embeddable":true,"href":"https:\/\/eenergetica.com.ar\/index.php\/wp-json\/wp\/v2\/tags?post=11080"}],"curies":[{"name":"wp","href":"https:\/\/api.w.org\/{rel}","templated":true}]}}