{"id":11077,"date":"2022-04-03T20:52:27","date_gmt":"2022-04-03T23:52:27","guid":{"rendered":"http:\/\/eenergetica.com.ar\/?p=11077"},"modified":"2022-04-03T20:52:27","modified_gmt":"2022-04-03T23:52:27","slug":"duhalde-a-mi-el-kirchnerismo-el-cristinismo-y-la-campora-me-producen-un-asco-terrible","status":"publish","type":"post","link":"https:\/\/eenergetica.com.ar\/index.php\/2022\/04\/03\/duhalde-a-mi-el-kirchnerismo-el-cristinismo-y-la-campora-me-producen-un-asco-terrible\/","title":{"rendered":"DUHALDE: &#8220;A M\u00cd EL KIRCHNERISMO, EL CRISTINISMO Y LA C\u00c1MPORA ME PRODUCEN UN ASCO TERRIBLE&#8221;"},"content":{"rendered":"\n<p><strong>Lapidaria, la ex Primera Dama de la Naci\u00f3n Hilda &#8220;Chiche&#8221; Duhalde sostuvo que el kirchnerismo y la agrupaci\u00f3n La C\u00e1mpora le producen &#8220;un asco terrible&#8221;, y se\u00f1al\u00f3 que nunca le cay\u00f3 bien la vicepresidenta Cristina Kirchner &#8220;por una cuesti\u00f3n de piel&#8221;.<\/strong><\/p>\n\n\n\n<p>&nbsp; &nbsp;La esposa del ex presidenta Eduardo Duhalde dijo que le &#8220;duele cuando hablan de peronismo&#8221; y los &#8220;meten a todos en la misma bolsa&#8221;.<\/p>\n\n\n\n<p>&nbsp;&nbsp; &#8220;No quiero que los medios me mezclen con el cristinismo, con el kirchnerismo, con La C\u00e1mpora porque no tengo nada que ver. Me producen un asco terrible&#8221;, despotric\u00f3 en di\u00e1logo con &#8220;Contacto Estrecho&#8221;, el programa que conduce Guadalupe V\u00e1zquez por Radio Rivadavia.<\/p>\n\n\n\n<p>&nbsp;&nbsp; Chiche Duhalde aclar\u00f3 que ella nunca sinti\u00f3 &#8220;afinidad con el kirchnerismo&#8221; y &#8220;fundamentalmente con Cristina (Kirchner) a la que conoc\u00eda un poco m\u00e1s porque hab\u00eda sido compa\u00f1era de ella en la C\u00e1mara de Diputados y luego en la C\u00e1mara de Senadores&#8221;.&nbsp;.<\/p>\n\n\n\n<p>&nbsp;&nbsp; &#8220;Era una cuesti\u00f3n de piel. No me gustaba su forma de ser, la soberbia con la que se manejaba, la soledad en la que se manejaba.<\/p>\n\n\n\n<p>&nbsp;&nbsp;Las personas que no son capaces de pertenecer al grupo al que &#8211; valga la redundancia- pertenecen y se manejan mucho en soledad y con soberbia, no me caen bien&#8221;, afirm\u00f3.<\/p>\n\n\n\n<p>&nbsp;&nbsp; &#8220;Ella ten\u00eda un estilo muy particular que a m\u00ed me ca\u00edan mal. Esa es una cosa t\u00edpica de las mujeres que tenemos un olfato muy particular&#8221;, acot\u00f3.<\/p>\n\n\n\n<p>&nbsp;&nbsp; Consultada sobre la crisis que existe en la coalici\u00f3n gobernante, la dirigente peronista dijo que le provoca &#8220;mucha verg\u00fcenza porque es la demostraci\u00f3n de lo mal que est\u00e1 nuestro pa\u00eds&#8221;.<\/p>\n\n\n\n<p>&nbsp;&nbsp; &#8220;Cuando hay diferencias tan importantes en el sector que nos gobierna, lo que debe ocurrir es que esas diferencias no salgan a la luz y traten de conversarlas en privado porque le producen a la sociedad mucha angustia. Saber que el presidente y la vicepresidenta tienen diferencias tan profundas y funcionarios que dicen cosas tan terribles no nos hace bien a los ciudadanos&#8221;, consider\u00f3.<\/p>\n\n\n\n<p>&nbsp;&nbsp; En otro orden, Chiche Duhalde record\u00f3 que antes de que su esposo le ofreciera la candidatura presidencial a N\u00e9stor Kirchner en 2003, hab\u00eda pensado en otros candidatos.<\/p>\n\n\n\n<p>&nbsp;&nbsp; &#8220;Son decisiones que tomaba el presidente (Duhalde) despu\u00e9s de haber intentado que fueran otros los candidatos a presidente. El primero (Carlos) Reutemann&#8221;, evoc\u00f3, y revel\u00f3 que antes de decantarse por Kirchner el ex presidente le ofreci\u00f3 la candidatura a Jos\u00e9 Manuel de la Sota, Felipe Sol\u00e1 y Adolfo Rodr\u00edguez Sa\u00e1.<\/p>\n","protected":false},"excerpt":{"rendered":"<p>Lapidaria, la ex Primera Dama de la Naci\u00f3n Hilda &#8220;Chiche&#8221; Duhalde sostuvo que el kirchnerismo y la agrupaci\u00f3n La C\u00e1mpora le producen &#8220;un asco terrible&#8221;, y se\u00f1al\u00f3 que nunca le&hellip; <\/p>\n","protected":false},"author":2,"featured_media":11078,"comment_status":"closed","ping_status":"open","sticky":false,"template":"","format":"standard","meta":{"footnotes":""},"categories":[20],"tags":[],"class_list":["post-11077","post","type-post","status-publish","format-standard","has-post-thumbnail","hentry","category-politica"],"_links":{"self":[{"href":"https:\/\/eenergetica.com.ar\/index.php\/wp-json\/wp\/v2\/posts\/11077","targetHints":{"allow":["GET"]}}],"collection":[{"href":"https:\/\/eenergetica.com.ar\/index.php\/wp-json\/wp\/v2\/posts"}],"about":[{"href":"https:\/\/eenergetica.com.ar\/index.php\/wp-json\/wp\/v2\/types\/post"}],"author":[{"embeddable":true,"href":"https:\/\/eenergetica.com.ar\/index.php\/wp-json\/wp\/v2\/users\/2"}],"replies":[{"embeddable":true,"href":"https:\/\/eenergetica.com.ar\/index.php\/wp-json\/wp\/v2\/comments?post=11077"}],"version-history":[{"count":1,"href":"https:\/\/eenergetica.com.ar\/index.php\/wp-json\/wp\/v2\/posts\/11077\/revisions"}],"predecessor-version":[{"id":11079,"href":"https:\/\/eenergetica.com.ar\/index.php\/wp-json\/wp\/v2\/posts\/11077\/revisions\/11079"}],"wp:featuredmedia":[{"embeddable":true,"href":"https:\/\/eenergetica.com.ar\/index.php\/wp-json\/wp\/v2\/media\/11078"}],"wp:attachment":[{"href":"https:\/\/eenergetica.com.ar\/index.php\/wp-json\/wp\/v2\/media?parent=11077"}],"wp:term":[{"taxonomy":"category","embeddable":true,"href":"https:\/\/eenergetica.com.ar\/index.php\/wp-json\/wp\/v2\/categories?post=11077"},{"taxonomy":"post_tag","embeddable":true,"href":"https:\/\/eenergetica.com.ar\/index.php\/wp-json\/wp\/v2\/tags?post=11077"}],"curies":[{"name":"wp","href":"https:\/\/api.w.org\/{rel}","templated":true}]}}