{"id":11074,"date":"2022-04-03T20:49:19","date_gmt":"2022-04-03T23:49:19","guid":{"rendered":"http:\/\/eenergetica.com.ar\/?p=11074"},"modified":"2022-04-03T20:49:20","modified_gmt":"2022-04-03T23:49:20","slug":"boric-llego-al-pais-en-su-primera-visita-oficial-al-exterior-y-manana-se-reunira-con-alberto-fernandez","status":"publish","type":"post","link":"https:\/\/eenergetica.com.ar\/index.php\/2022\/04\/03\/boric-llego-al-pais-en-su-primera-visita-oficial-al-exterior-y-manana-se-reunira-con-alberto-fernandez\/","title":{"rendered":"BORIC LLEG\u00d3 AL PA\u00cdS EN SU PRIMERA VISITA OFICIAL AL EXTERIOR Y MA\u00d1ANA SE REUNIR\u00c1 CON ALBERTO FERN\u00c1NDEZ"},"content":{"rendered":"\n<p><strong>En el marco de su primer viaje oficial como mandatario chileno tras su asunci\u00f3n en el Palacio de la Moneda el pasado 11 de marzo, Gabriel Boric lleg\u00f3 hoy al pa\u00eds y ma\u00f1ana se reunir\u00e1 con el presidente Alberto Fern\u00e1ndez.<\/strong><\/p>\n\n\n\n<p>&nbsp; &nbsp;El canciller Santiago Cafiero recibi\u00f3 al flamante presidente chileno en la pista del aeropuerto de Ezeiza.<\/p>\n\n\n\n<p>&nbsp;&nbsp; Boric baj\u00f3 del avi\u00f3n junto a su comitiva&nbsp;conformada, entre otros, las ministras de Relaciones Exteriores, Antonia Urrejola; de Defensa Nacional, Maya Fern\u00e1ndez Allende; de la Mujer y la Equidad de G\u00e9nero, Antonia Orellana; de Culturas, Artes y Patrimonio, Julieta Brodsky; el ministro de Energ\u00eda, Claudio Huepe.<\/p>\n\n\n\n<p>&nbsp;&nbsp; Tambi\u00e9n el subsecretario de Relaciones Econ\u00f3micas Internacionales, Jos\u00e9 Miguel Ahumada; la jefa de Asesores del Gabinete de la Presidencia, Luc\u00eda Dammert, la embajadora ante Argentina, B\u00e1rbara Figueroa,&nbsp;el presidente del Senado,&nbsp;\u00c1lvaro Elizalde, y su par de la C\u00e1mara de Diputados, Ra\u00fal Soto.<\/p>\n\n\n\n<p>&nbsp;&nbsp; A su vez, llegaron al pa\u00eds junto a Boric parlamentarios de oposici\u00f3n&nbsp;como Paulina N\u00fa\u00f1ez de&nbsp;Renovaci\u00f3n Nacional,&nbsp;Eric Aedo de la&nbsp;Democracia Cristiana&nbsp;y el l\u00edder de&nbsp;Uni\u00f3n Dem\u00f3crata Independiente,&nbsp;Javier Macaya, as\u00ed como empresarios chilenos.<\/p>\n\n\n\n<p>&nbsp;&nbsp; Boric ser\u00e1 recibido ma\u00f1ana en la Casa Rosada a las 10 y&nbsp;a su llegada a la explanada de Casa Rosada, el mandatario chileno ser\u00e1 recibido por un cord\u00f3n de honor, y luego participar\u00e1 junto al presidente argentino de la tradicional foto oficial en la Escalera Francia.<\/p>\n\n\n\n<p>&nbsp;&nbsp; Seguidamente, ambos mandatarios mantendr\u00e1n una reuni\u00f3n bilateral a solas en el despacho presidencial, para luego realizar la presentaci\u00f3n de cada comitiva en el Hall de los Vitreaux.<\/p>\n\n\n\n<p>&nbsp;&nbsp; Despu\u00e9s habr\u00e1 una reuni\u00f3n ampliada de ambas comitivas en el sal\u00f3n Eva Per\u00f3n en la que participar\u00e1n por Argentina los ministros de Relaciones Exteriores, Comercio Internacional y Culto, Santiago Cafiero; Defensa, Jorge Taiana; Econom\u00eda, Mart\u00edn Guzm\u00e1n; Cultura, Trist\u00e1n Bauer; y la ministra de Mujeres, G\u00e9neros y Diversidad, Elizabeth G\u00f3mez Alcorta.&nbsp;.<\/p>\n\n\n\n<p>&nbsp;&nbsp; Tambi\u00e9n formar\u00e1n parte del encuentro los secretarios de Asuntos Estrat\u00e9gicos, Gustavo Beliz; Derechos Humanos, Horacio Pietragalla Corti; Energ\u00eda, Dar\u00edo Mart\u00ednez; y el embajador ante Chile, Rafael Bielsa.&nbsp;.<\/p>\n\n\n\n<p>&nbsp;&nbsp; Los ministros de ambos pa\u00edses llevar\u00e1n a cabo un intercambio sobre la actualidad conjunta, al que se unir\u00e1n los presidentes una vez finalizada la reuni\u00f3n bilateral.<\/p>\n\n\n\n<p>&nbsp;&nbsp; Al cabo de esta actividad, Fern\u00e1ndez y Boric firmar\u00e1n una serie de acuerdos en el Museo del Bicentenario. Firmar\u00e1n, en primer t\u00e9rmino, un&nbsp;memor\u00e1ndum de entendimiento en materia de Relaciones Exteriores, Comercio Internacional y Culto para&nbsp;institucionalizar la cooperaci\u00f3n en materia de Derechos Humanos LGBTIQ+.<\/p>\n\n\n\n<p>&nbsp;&nbsp; Adem\u00e1s, se trazar\u00e1n entendimientos entre el Ministerio de las Mujeres, G\u00e9neros y Diversidad argentino y el Ministerio de la Mujer y la Equidad de G\u00e9nero de Chile, para plasmar la cooperaci\u00f3n en Igualdad de G\u00e9nero y Empoderamiento de las Mujeres. .<\/p>\n\n\n\n<p>&nbsp;&nbsp; Asimismo, se firmar\u00e1 una carta de intenci\u00f3n sobre acuerdos en materia de cultura, as\u00ed tambi\u00e9n un memor\u00e1ndum de entendimiento para la cooperaci\u00f3n de asuntos consulares y migratorios.<\/p>\n\n\n\n<p>&nbsp;&nbsp; Al t\u00e9rmino de la firma de los acuerdos, ambos mandatarios brindar\u00e1n en el Museo del Bicentenario declaraciones a los medios de comunicaci\u00f3n presentes en el lugar.<\/p>\n\n\n\n<p>&nbsp;&nbsp; El cronograma de la visita de Boric al pa\u00eds continuar\u00e1 a las 15 en el Congreso de la Naci\u00f3n, donde ser\u00e1 recibido por el presidente de la C\u00e1mara de Diputados, Sergio Massa, y la Presidenta Provisional del Senado, Claudia Ledesma Abdala. Tras firmar el Libro de Honor, Boric&nbsp;participar\u00e1 de una foto oficial, y mantendr\u00e1 un encuentro junto a su comitiva legislativa con las autoridades parlamentarias de ambas c\u00e1maras.<\/p>\n\n\n\n<p>&nbsp;&nbsp; La agenda de Boric seguir\u00e1 con la visita al Palacio de Justicia, donde ser\u00e1 recibido por el vicepresidente de la Corte Suprema, Carlos Rosenkrantz, con quien mantendr\u00e1 una reuni\u00f3n a la que se sumar\u00e1n&nbsp;los jueces Juan Carlos Maqueda y Ricardo Lorenzetti.<\/p>\n\n\n\n<p>&nbsp;&nbsp; En tanto, por Chile participar\u00e1 el presidente de la Corte Suprema de Justicia trasandina, Juan Fuentes.<\/p>\n\n\n\n<p>&nbsp;&nbsp; Por la noche, Fern\u00e1ndez y Boric concurrir\u00e1n a un espect\u00e1culo cultural en el Centro Cultural Kirchner,&nbsp;donde disfrutar\u00e1 de un concierto en el que participar\u00e1n artistas como Manuel Garc\u00eda, Inti Illimani y V\u00edctor Heredia, entre otros.<\/p>\n\n\n\n<p>&nbsp;&nbsp; M\u00e1s tarde,&nbsp;el presidente argentino ofrecer\u00e1 en el CCK una cena en honor a su par chileno.<\/p>\n\n\n\n<p>&nbsp;&nbsp; El martes, Boric inaugurar\u00e1 en la sede de Canciller\u00eda el foro empresarial del comit\u00e9 de Comercio Argentina-Chile, del cual participar\u00e1n cerca de 50 empresarios de ambos pa\u00edses.<\/p>\n\n\n\n<p>&nbsp;&nbsp; Luego, el presidente chileno se trasladar\u00e1 al Espacio para la Memoria y para la Promoci\u00f3n y Defensa de los Derechos Humanos (ex Esma) para intercambiar con Buscarita Roa, integrante de Abuelas de Plaza de Mayo de origen chileno.<\/p>\n\n\n\n<p>&nbsp;&nbsp; La gira del mandatario trasandino tendr\u00e1 fin con un encuentro con chilenos residentes en Argentina que se desarrollar\u00e1 en la embajada de su pa\u00eds en Buenos Aires.<\/p>\n","protected":false},"excerpt":{"rendered":"<p>En el marco de su primer viaje oficial como mandatario chileno tras su asunci\u00f3n en el Palacio de la Moneda el pasado 11 de marzo, Gabriel Boric lleg\u00f3 hoy al&hellip; <\/p>\n","protected":false},"author":2,"featured_media":11075,"comment_status":"closed","ping_status":"open","sticky":false,"template":"","format":"standard","meta":{"footnotes":""},"categories":[20],"tags":[],"class_list":["post-11074","post","type-post","status-publish","format-standard","has-post-thumbnail","hentry","category-politica"],"_links":{"self":[{"href":"https:\/\/eenergetica.com.ar\/index.php\/wp-json\/wp\/v2\/posts\/11074","targetHints":{"allow":["GET"]}}],"collection":[{"href":"https:\/\/eenergetica.com.ar\/index.php\/wp-json\/wp\/v2\/posts"}],"about":[{"href":"https:\/\/eenergetica.com.ar\/index.php\/wp-json\/wp\/v2\/types\/post"}],"author":[{"embeddable":true,"href":"https:\/\/eenergetica.com.ar\/index.php\/wp-json\/wp\/v2\/users\/2"}],"replies":[{"embeddable":true,"href":"https:\/\/eenergetica.com.ar\/index.php\/wp-json\/wp\/v2\/comments?post=11074"}],"version-history":[{"count":1,"href":"https:\/\/eenergetica.com.ar\/index.php\/wp-json\/wp\/v2\/posts\/11074\/revisions"}],"predecessor-version":[{"id":11076,"href":"https:\/\/eenergetica.com.ar\/index.php\/wp-json\/wp\/v2\/posts\/11074\/revisions\/11076"}],"wp:featuredmedia":[{"embeddable":true,"href":"https:\/\/eenergetica.com.ar\/index.php\/wp-json\/wp\/v2\/media\/11075"}],"wp:attachment":[{"href":"https:\/\/eenergetica.com.ar\/index.php\/wp-json\/wp\/v2\/media?parent=11074"}],"wp:term":[{"taxonomy":"category","embeddable":true,"href":"https:\/\/eenergetica.com.ar\/index.php\/wp-json\/wp\/v2\/categories?post=11074"},{"taxonomy":"post_tag","embeddable":true,"href":"https:\/\/eenergetica.com.ar\/index.php\/wp-json\/wp\/v2\/tags?post=11074"}],"curies":[{"name":"wp","href":"https:\/\/api.w.org\/{rel}","templated":true}]}}