{"id":11018,"date":"2022-03-31T10:05:50","date_gmt":"2022-03-31T13:05:50","guid":{"rendered":"http:\/\/eenergetica.com.ar\/?p=11018"},"modified":"2022-03-31T10:05:50","modified_gmt":"2022-03-31T13:05:50","slug":"tras-la-foto-de-su-hijo-con-maximo-kirchner-hugo-moyano-aclaro-que-el-esta-con-el-gobierno-de-alberto-fernandez","status":"publish","type":"post","link":"https:\/\/eenergetica.com.ar\/index.php\/2022\/03\/31\/tras-la-foto-de-su-hijo-con-maximo-kirchner-hugo-moyano-aclaro-que-el-esta-con-el-gobierno-de-alberto-fernandez\/","title":{"rendered":"TRAS LA FOTO DE SU HIJO CON M\u00c1XIMO KIRCHNER, HUGO MOYANO ACLAR\u00d3 QUE \u00c9L &#8220;EST\u00c1 CON EL GOBIERNO&#8221; DE ALBERTO FERN\u00c1NDEZ"},"content":{"rendered":"\n<p><strong>En medio de los cortocircuitos entre kirchnerismo y albertismo, una nueva interna asoma en las filas oficialistas. Curiosamente, tiene como protagonistas de la &#8220;grieta&#8221; a Hugo y Pablo Moyano.<\/strong><\/p>\n\n\n\n<p>&nbsp; &nbsp;Tras la foto del secretario adjunto de Camioneros con el l\u00edder de La C\u00e1mpora y presidente del PJ bonaerense, M\u00e1ximo Kirchner, su padre Hugo se vio en la necesidad de aclarar que en la interna del Frente de Todos, \u00e9l se ubica en la vereda del Gobierno de Alberto Fern\u00e1ndez.<\/p>\n\n\n\n<p>&nbsp;&nbsp; En di\u00e1logo con IP Noticias, el l\u00edder sindical admiti\u00f3 que &#8220;diferencias siempre hay&#8221; con el Gobierno, pero indic\u00f3 que entre Cristina Kirchner y Alberto Fern\u00e1ndez, \u00e9l acompa\u00f1a al presidente .<\/p>\n\n\n\n<p>&nbsp;&nbsp; &#8220;Yo estoy con el Gobierno&#8221;, subray\u00f3, y para no dejar dudas agreg\u00f3: &#8220;Al Presidente lo veo muy bien&#8221;.<\/p>\n\n\n\n<p>&nbsp;&nbsp; Concluido el encuentro homenaje que Fern\u00e1ndez encabez\u00f3 a 40 a\u00f1os de la protesta gremial por &#8220;Paz, Pan y Trabajo&#8221; liderada por ex jefe de la CGT Sa\u00fal Ubaldini contra la dictadura, Moyano defendi\u00f3 al Gobierno de las cr\u00edticas y explic\u00f3 que la escalada inflacionaria &#8220;es complicada en el mundo, no s\u00f3lo en Argentina&#8221;.<\/p>\n\n\n\n<p>&nbsp;&nbsp; &#8220;Con el Gobierno yo estoy muy conforme&#8221;, finaliz\u00f3.<\/p>\n","protected":false},"excerpt":{"rendered":"<p>En medio de los cortocircuitos entre kirchnerismo y albertismo, una nueva interna asoma en las filas oficialistas. Curiosamente, tiene como protagonistas de la &#8220;grieta&#8221; a Hugo y Pablo Moyano. &nbsp;&hellip; <\/p>\n","protected":false},"author":2,"featured_media":11019,"comment_status":"closed","ping_status":"open","sticky":false,"template":"","format":"standard","meta":{"footnotes":""},"categories":[20],"tags":[],"class_list":["post-11018","post","type-post","status-publish","format-standard","has-post-thumbnail","hentry","category-politica"],"_links":{"self":[{"href":"https:\/\/eenergetica.com.ar\/index.php\/wp-json\/wp\/v2\/posts\/11018","targetHints":{"allow":["GET"]}}],"collection":[{"href":"https:\/\/eenergetica.com.ar\/index.php\/wp-json\/wp\/v2\/posts"}],"about":[{"href":"https:\/\/eenergetica.com.ar\/index.php\/wp-json\/wp\/v2\/types\/post"}],"author":[{"embeddable":true,"href":"https:\/\/eenergetica.com.ar\/index.php\/wp-json\/wp\/v2\/users\/2"}],"replies":[{"embeddable":true,"href":"https:\/\/eenergetica.com.ar\/index.php\/wp-json\/wp\/v2\/comments?post=11018"}],"version-history":[{"count":1,"href":"https:\/\/eenergetica.com.ar\/index.php\/wp-json\/wp\/v2\/posts\/11018\/revisions"}],"predecessor-version":[{"id":11020,"href":"https:\/\/eenergetica.com.ar\/index.php\/wp-json\/wp\/v2\/posts\/11018\/revisions\/11020"}],"wp:featuredmedia":[{"embeddable":true,"href":"https:\/\/eenergetica.com.ar\/index.php\/wp-json\/wp\/v2\/media\/11019"}],"wp:attachment":[{"href":"https:\/\/eenergetica.com.ar\/index.php\/wp-json\/wp\/v2\/media?parent=11018"}],"wp:term":[{"taxonomy":"category","embeddable":true,"href":"https:\/\/eenergetica.com.ar\/index.php\/wp-json\/wp\/v2\/categories?post=11018"},{"taxonomy":"post_tag","embeddable":true,"href":"https:\/\/eenergetica.com.ar\/index.php\/wp-json\/wp\/v2\/tags?post=11018"}],"curies":[{"name":"wp","href":"https:\/\/api.w.org\/{rel}","templated":true}]}}