{"id":10982,"date":"2022-03-30T08:27:31","date_gmt":"2022-03-30T11:27:31","guid":{"rendered":"http:\/\/eenergetica.com.ar\/?p=10982"},"modified":"2022-03-30T08:27:31","modified_gmt":"2022-03-30T11:27:31","slug":"fuerte-jugada-politica-el-gobierno-se-apoya-en-los-gobernadores-para-dar-la-pelea-contra-la-ciudad-por-la-coparticipacion","status":"publish","type":"post","link":"https:\/\/eenergetica.com.ar\/index.php\/2022\/03\/30\/fuerte-jugada-politica-el-gobierno-se-apoya-en-los-gobernadores-para-dar-la-pelea-contra-la-ciudad-por-la-coparticipacion\/","title":{"rendered":"FUERTE JUGADA POL\u00cdTICA: EL GOBIERNO SE APOYA EN LOS GOBERNADORES PARA DAR LA PELEA CONTRA LA CIUDAD POR LA COPARTICIPACI\u00d3N"},"content":{"rendered":"\n<p><strong>El medio del conflicto entre Naci\u00f3n y Ciudad por la quita de fondos de la coparticipaci\u00f3n federal, el Gobierna recibir\u00e1 este mi\u00e9rcoles en la Casa Rosada a gobernadores y representantes de m\u00e1s de 20 provincias del pa\u00eds para &#8220;exponer sobre los alcances de la audiencia de conciliaci\u00f3n&#8221; convocada por la Corte Suprema de Justicia.<\/strong><\/p>\n\n\n\n<p>&nbsp; &nbsp;&#8220;La reuni\u00f3n fue pedida por los gobernadores&#8221;, resaltaron a NA fuentes con despacho en Balcarce 50, con la clara intensi\u00f3n de mostrar el acompa\u00f1amiento de los mandatarios provinciales en lo que hace a la coparticipaci\u00f3n federal.<\/p>\n\n\n\n<p>&nbsp;&nbsp; El encuentro, previsto para las 11 en el Sal\u00f3n Eva Per\u00f3n de la Casa de Gobierno, estar\u00e1 encabezado por el jefe de Gabinete, Juan Manzur, y el ministro del Interior, Eduardo de Pedro, quienes recibir\u00e1n a los representantes provinciales.<\/p>\n\n\n\n<p>&nbsp;&nbsp; Seg\u00fan supo Noticias Argentinas, estar\u00e1n presentes la mayor\u00eda de los gobernadores afines al Ejecutivo nacional, pero quienes no puedan asistir enviar\u00e1n como emisarios a los vicegobernadores o sus ministros de Econom\u00eda.<\/p>\n\n\n\n<p>&nbsp;&nbsp; Entre los confirmados, estaban Axel Kicillof, Ra\u00fal Jalil, Jorge Capitanich, Mariano Arcioni, Gustavo Bordet, Gildo Insfr\u00e1n, Sergio Ziliotto, Ricardo Quintela, Oscar Herrera Ahuad, Omar Guti\u00e9rrez, Sergio U\u00f1ac, Alicia Kirchner, Omar Perotti, Gerardo Zamora y Osvaldo Jaldo.<\/p>\n\n\n\n<p>&nbsp;&nbsp; Los que no estar\u00e1n ser\u00e1n los mandatarios de Jujuy, Gerardo Morales; de Corrientes, Gustavo Vald\u00e9s; y de Mendoza, Rodolfo Su\u00e1rez, adem\u00e1s del jefe de Gobierno porte\u00f1o, Horacio Rodr\u00edguez Larreta. .<\/p>\n\n\n\n<p>&nbsp;&nbsp; Fuentes cercanas al ministro del Interior detallaron que el funcionario nacional explicar\u00e1 la situaci\u00f3n a los gobernadores, poniendo el eje en &#8220;lo que pierden las provincias en caso que la Corte falle en favor de la Ciudad de Buenos Aires&#8221;.<\/p>\n\n\n\n<p>&nbsp;&nbsp; Adem\u00e1s, indicaron que De Pedro har\u00e1 uso de la palabra para explicar con n\u00fameros lo que implica para las provincias un fallo a favor de la Ciudad de Buenos Aires, cuya cifra estar\u00eda cercana a los 100.000 millones de pesos.<\/p>\n\n\n\n<p>&nbsp;&nbsp; La convocatoria se realiza mientras corre el plazo de 30 d\u00edas h\u00e1biles que la Corte fij\u00f3 para que el Gobierno nacional y la administraci\u00f3n porte\u00f1a lleguen a un acuerdo sobre el diferendo por los fondos transferidos para el mantenimiento de la polic\u00eda durante la gesti\u00f3n del ex presidente Mauricio Macri, cuya fecha l\u00edmite para que arriben a un punto en com\u00fan es el pr\u00f3ximo 26 de abril.<\/p>\n","protected":false},"excerpt":{"rendered":"<p>El medio del conflicto entre Naci\u00f3n y Ciudad por la quita de fondos de la coparticipaci\u00f3n federal, el Gobierna recibir\u00e1 este mi\u00e9rcoles en la Casa Rosada a gobernadores y representantes&hellip; <\/p>\n","protected":false},"author":2,"featured_media":10983,"comment_status":"closed","ping_status":"open","sticky":false,"template":"","format":"standard","meta":{"footnotes":""},"categories":[24],"tags":[],"class_list":["post-10982","post","type-post","status-publish","format-standard","has-post-thumbnail","hentry","category-provincia"],"_links":{"self":[{"href":"https:\/\/eenergetica.com.ar\/index.php\/wp-json\/wp\/v2\/posts\/10982","targetHints":{"allow":["GET"]}}],"collection":[{"href":"https:\/\/eenergetica.com.ar\/index.php\/wp-json\/wp\/v2\/posts"}],"about":[{"href":"https:\/\/eenergetica.com.ar\/index.php\/wp-json\/wp\/v2\/types\/post"}],"author":[{"embeddable":true,"href":"https:\/\/eenergetica.com.ar\/index.php\/wp-json\/wp\/v2\/users\/2"}],"replies":[{"embeddable":true,"href":"https:\/\/eenergetica.com.ar\/index.php\/wp-json\/wp\/v2\/comments?post=10982"}],"version-history":[{"count":1,"href":"https:\/\/eenergetica.com.ar\/index.php\/wp-json\/wp\/v2\/posts\/10982\/revisions"}],"predecessor-version":[{"id":10984,"href":"https:\/\/eenergetica.com.ar\/index.php\/wp-json\/wp\/v2\/posts\/10982\/revisions\/10984"}],"wp:featuredmedia":[{"embeddable":true,"href":"https:\/\/eenergetica.com.ar\/index.php\/wp-json\/wp\/v2\/media\/10983"}],"wp:attachment":[{"href":"https:\/\/eenergetica.com.ar\/index.php\/wp-json\/wp\/v2\/media?parent=10982"}],"wp:term":[{"taxonomy":"category","embeddable":true,"href":"https:\/\/eenergetica.com.ar\/index.php\/wp-json\/wp\/v2\/categories?post=10982"},{"taxonomy":"post_tag","embeddable":true,"href":"https:\/\/eenergetica.com.ar\/index.php\/wp-json\/wp\/v2\/tags?post=10982"}],"curies":[{"name":"wp","href":"https:\/\/api.w.org\/{rel}","templated":true}]}}