{"id":10979,"date":"2022-03-30T08:23:27","date_gmt":"2022-03-30T11:23:27","guid":{"rendered":"http:\/\/eenergetica.com.ar\/?p=10979"},"modified":"2022-03-30T08:23:28","modified_gmt":"2022-03-30T11:23:28","slug":"lammens-pondera-al-turismo-como-uno-de-los-sectores-que-impulsen-la-recuperacion-definitiva-del-pais","status":"publish","type":"post","link":"https:\/\/eenergetica.com.ar\/index.php\/2022\/03\/30\/lammens-pondera-al-turismo-como-uno-de-los-sectores-que-impulsen-la-recuperacion-definitiva-del-pais\/","title":{"rendered":"LAMMENS PONDERA AL TURISMO COMO UNO DE LOS SECTORES QUE &#8220;IMPULSEN LA RECUPERACI\u00d3N DEFINITIVA DEL PA\u00cdS&#8221;"},"content":{"rendered":"\n<p><strong>El ministro de Turismo y Deporte de la Naci\u00f3n, Mat\u00edas Lammens, insisti\u00f3 hoy en motorizar a esa primera actividad para que sea &#8220;uno de los sectores que impulsen la recuperaci\u00f3n definitiva de la Argentina&#8221;.<\/strong><\/p>\n\n\n\n<p>&nbsp; &nbsp;Fue en oportunidad de la 157ma. Asamblea del Consejo Federal de Turismo (CFT), que se desarroll\u00f3 en la ciudad de Rosario, en la que estuvo presente junto al gobernador de Santa Fe, Omar Perotti.<\/p>\n\n\n\n<p>&nbsp;&nbsp; En la oportunidad, se eligi\u00f3 como nuevo presidente del organismo al titular del Ente Tucum\u00e1n Turismo, Sebasti\u00e1n Giobellina.<\/p>\n\n\n\n<p>&nbsp;&nbsp; Tambi\u00e9n participaron del evento la secretaria de Promoci\u00f3n Tur\u00edstica de la Naci\u00f3n, Yanina Mart\u00ednez; la presidenta saliente del CFT y ministra de Turismo y Cultura de San Juan, Claudia Grynszpan; el secretario de Turismo de Santa Fe, Alejandro Grandinetti; funcionarios de todas las provincias argentinas y autoridades del sector privado.<\/p>\n\n\n\n<p>&nbsp;&nbsp; Lammens destac\u00f3 la presencia en la asamblea de las 24 jurisdicciones en los que se pudo repasar los n\u00fameros de las temporada y de la aplicaci\u00f3n del programa PreViaje, aunque &#8220;tambi\u00e9n una agenda de futuro&#8221;.<\/p>\n\n\n\n<p>&nbsp;&nbsp; &#8220;Seguimos trabajando para impulsar y sostener al turismo, como uno de los sectores que impulsen la recuperaci\u00f3n definitiva de la Argentina&#8221;, destac\u00f3.<\/p>\n\n\n\n<p>&nbsp;&nbsp; Lammens y Perotti firmaron un convenio marco de colaboraci\u00f3n para contribuir al programa provincial de turismo social, el cual impulsa centros modelo de turismo social en diferentes regiones de la provincia e integrar la Red Nacional de Turismo Social impulsada en esta gesti\u00f3n.<\/p>\n\n\n\n<p>&nbsp;&nbsp; En el mismo marco, el gobernador santafesino se\u00f1al\u00f3 que &#8220;durante muchos a\u00f1os no se vio al turismo como una actividad relevante pero ahora es una industria que se diversific\u00f3 mucho, que genera empleo e ingresos&#8221;.<\/p>\n\n\n\n<p>&nbsp;&nbsp; &#8220;Queremos mostrar que Santa Fe es un destino para visitar, que tenemos potencial, y somos muy optimistas con lo que est\u00e1 por venir&#8221;, destac\u00f3.<\/p>\n","protected":false},"excerpt":{"rendered":"<p>El ministro de Turismo y Deporte de la Naci\u00f3n, Mat\u00edas Lammens, insisti\u00f3 hoy en motorizar a esa primera actividad para que sea &#8220;uno de los sectores que impulsen la recuperaci\u00f3n&hellip; <\/p>\n","protected":false},"author":2,"featured_media":10980,"comment_status":"closed","ping_status":"open","sticky":false,"template":"","format":"standard","meta":{"footnotes":""},"categories":[22],"tags":[],"class_list":["post-10979","post","type-post","status-publish","format-standard","has-post-thumbnail","hentry","category-sociedad"],"_links":{"self":[{"href":"https:\/\/eenergetica.com.ar\/index.php\/wp-json\/wp\/v2\/posts\/10979","targetHints":{"allow":["GET"]}}],"collection":[{"href":"https:\/\/eenergetica.com.ar\/index.php\/wp-json\/wp\/v2\/posts"}],"about":[{"href":"https:\/\/eenergetica.com.ar\/index.php\/wp-json\/wp\/v2\/types\/post"}],"author":[{"embeddable":true,"href":"https:\/\/eenergetica.com.ar\/index.php\/wp-json\/wp\/v2\/users\/2"}],"replies":[{"embeddable":true,"href":"https:\/\/eenergetica.com.ar\/index.php\/wp-json\/wp\/v2\/comments?post=10979"}],"version-history":[{"count":1,"href":"https:\/\/eenergetica.com.ar\/index.php\/wp-json\/wp\/v2\/posts\/10979\/revisions"}],"predecessor-version":[{"id":10981,"href":"https:\/\/eenergetica.com.ar\/index.php\/wp-json\/wp\/v2\/posts\/10979\/revisions\/10981"}],"wp:featuredmedia":[{"embeddable":true,"href":"https:\/\/eenergetica.com.ar\/index.php\/wp-json\/wp\/v2\/media\/10980"}],"wp:attachment":[{"href":"https:\/\/eenergetica.com.ar\/index.php\/wp-json\/wp\/v2\/media?parent=10979"}],"wp:term":[{"taxonomy":"category","embeddable":true,"href":"https:\/\/eenergetica.com.ar\/index.php\/wp-json\/wp\/v2\/categories?post=10979"},{"taxonomy":"post_tag","embeddable":true,"href":"https:\/\/eenergetica.com.ar\/index.php\/wp-json\/wp\/v2\/tags?post=10979"}],"curies":[{"name":"wp","href":"https:\/\/api.w.org\/{rel}","templated":true}]}}