{"id":10176,"date":"2022-03-02T15:41:45","date_gmt":"2022-03-02T18:41:45","guid":{"rendered":"http:\/\/eenergetica.com.ar\/?p=10176"},"modified":"2022-03-02T15:41:45","modified_gmt":"2022-03-02T18:41:45","slug":"tras-quedar-expuestas-las-diferencias-por-el-fmi-juntos-por-el-cambio-busco-una-foto-de-unidad","status":"publish","type":"post","link":"https:\/\/eenergetica.com.ar\/index.php\/2022\/03\/02\/tras-quedar-expuestas-las-diferencias-por-el-fmi-juntos-por-el-cambio-busco-una-foto-de-unidad\/","title":{"rendered":"TRAS QUEDAR EXPUESTAS LAS DIFERENCIAS POR EL FMI, JUNTOS POR EL CAMBIO BUSC\u00d3 UNA FOTO DE UNIDAD"},"content":{"rendered":"\n<p><strong>La Asamblea Legislativa que encabez\u00f3 el presidente Alberto Fern\u00e1ndez dej\u00f3 expuestas las diferencias dentro de Juntos por el Cambio por el acuerdo con el Fondo Monetario Internacional (FMI) y por la responsabilidad del gobierno anterior en esa deuda.<\/strong><\/p>\n\n\n\n<p>&nbsp; &nbsp;Esas distintas posturas quedaron a la vista cuando el PRO eligi\u00f3 retirarse del recinto en el momento en que Fern\u00e1ndez cuestion\u00f3 al ex mandatario Mauricio Macri por haber tomado la deuda y exhort\u00f3 a la Justicia a avanzar en la investigaci\u00f3n sobre si existi\u00f3 delito en esa negociaci\u00f3n.<\/p>\n\n\n\n<p>&nbsp;&nbsp; Todos los legisladores de la Uni\u00f3n C\u00edvica Radical y de la Coalici\u00f3n C\u00edvica optaron por quedarse a terminar de escuchar al jefe de Estado, algo que dej\u00f3 a la vista las diferentes posturas dentro del frente opositor.<\/p>\n\n\n\n<p>&nbsp;&nbsp; Uno de los que explic\u00f3 su decisi\u00f3n de quedarse fue el radical Facundo Manes, que a trav\u00e9s de su cuenta de Twitter, se\u00f1al\u00f3: &#8220;Me preguntan por qu\u00e9 me qued\u00e9. Ya probamos con no escucharnos y as\u00ed estamos. No coincido con muchas cosas del discurso, pero si no lo escucho no puedo opinar. M\u00e1s EMPAT\u00cdA y menos grieta = m\u00e1s desarrollo inclusivo. La Argentina del futuro ser\u00e1 de los que nos quedamos&#8221;.<\/p>\n\n\n\n<p>&nbsp;&nbsp; Sin embargo, para intentar bajarle el tono a esa fotograf\u00eda de divisi\u00f3n, inmediatamente despu\u00e9s de la sesi\u00f3n, los principales referentes de JxC se reunieron a solas y consensuaron un documento con cr\u00edticas al Presidente.<\/p>\n\n\n\n<p>&nbsp;&nbsp; Se juntaron Patricia Bullrich, Gerardo Milman, Humberto Schiavoni, Carolina Losada, Luis Naidenoff, Mario Negri, Gerardo Morales y Maximiliano Ferraro, entre otros.<\/p>\n\n\n\n<p>&nbsp;&nbsp; &#8220;Los argentinos no sabemos de qu\u00e9 pa\u00eds habl\u00f3 el Presidente Alberto Fern\u00e1ndez en la apertura de las sesiones ordinarias. No plante\u00f3 soluciones a los problemas m\u00e1s urgentes: inflaci\u00f3n, inseguridad, pobreza, ca\u00edda de las empresas, p\u00e9rdida de poder adquisitivo de los trabajadores y decadencia generalizada de nuestro pa\u00eds&#8221;, resalt\u00f3.<\/p>\n\n\n\n<p>&nbsp;&nbsp; &#8220;En relaci\u00f3n al acuerdo con el FMI no solo no lo dio a conocer sino que tuvo una actitud provocadora y violenta contra la oposici\u00f3n, que resulta inaceptable, para un gobierno que busca un acuerdo de todos. Mientras parte de su bloque y de su partido le dio la espalda y falt\u00f3 a la sesi\u00f3n&#8221;, indicaron los referentes del frente opositor.<\/p>\n\n\n\n<p>&nbsp;&nbsp; En un comunicado, se quejaron: &#8220;El Presidente se olvid\u00f3 del sufrimiento de la provincia y del pueblo de Corrientes que fue abandonado a su suerte al punto de ni mencionarla&#8221;.<\/p>\n\n\n\n<p>&nbsp;&nbsp; &#8220;En relaci\u00f3n a la crisis internacional m\u00e1s grave que sufre el mundo, no conden\u00f3 con claridad la acci\u00f3n expansionista de la Federaci\u00f3n Rusa sobre Ucrania&#8221;, cuestionaron.<\/p>\n\n\n\n<p>&nbsp;&nbsp; A la vez, afirmaron que &#8220;el Presidente volvi\u00f3 a invadir la esfera fundamental de la independencia de la Justicia, atacando de manera directa a la Corte Suprema de Justicia de la Naci\u00f3n&#8221;.<\/p>\n\n\n\n<p>&nbsp;&nbsp; &#8220;Juntos por el Cambio esperaba del Presidente un discurso a la altura de los problemas que sufre el pa\u00eds y el mundo y nos encontramos con un Presidente lejos de los argentinos y de la realidad&#8221;, agregaron.<\/p>\n","protected":false},"excerpt":{"rendered":"<p>La Asamblea Legislativa que encabez\u00f3 el presidente Alberto Fern\u00e1ndez dej\u00f3 expuestas las diferencias dentro de Juntos por el Cambio por el acuerdo con el Fondo Monetario Internacional (FMI) y por&hellip; <\/p>\n","protected":false},"author":2,"featured_media":10177,"comment_status":"closed","ping_status":"open","sticky":false,"template":"","format":"standard","meta":{"footnotes":""},"categories":[20],"tags":[],"class_list":["post-10176","post","type-post","status-publish","format-standard","has-post-thumbnail","hentry","category-politica"],"_links":{"self":[{"href":"https:\/\/eenergetica.com.ar\/index.php\/wp-json\/wp\/v2\/posts\/10176","targetHints":{"allow":["GET"]}}],"collection":[{"href":"https:\/\/eenergetica.com.ar\/index.php\/wp-json\/wp\/v2\/posts"}],"about":[{"href":"https:\/\/eenergetica.com.ar\/index.php\/wp-json\/wp\/v2\/types\/post"}],"author":[{"embeddable":true,"href":"https:\/\/eenergetica.com.ar\/index.php\/wp-json\/wp\/v2\/users\/2"}],"replies":[{"embeddable":true,"href":"https:\/\/eenergetica.com.ar\/index.php\/wp-json\/wp\/v2\/comments?post=10176"}],"version-history":[{"count":1,"href":"https:\/\/eenergetica.com.ar\/index.php\/wp-json\/wp\/v2\/posts\/10176\/revisions"}],"predecessor-version":[{"id":10178,"href":"https:\/\/eenergetica.com.ar\/index.php\/wp-json\/wp\/v2\/posts\/10176\/revisions\/10178"}],"wp:featuredmedia":[{"embeddable":true,"href":"https:\/\/eenergetica.com.ar\/index.php\/wp-json\/wp\/v2\/media\/10177"}],"wp:attachment":[{"href":"https:\/\/eenergetica.com.ar\/index.php\/wp-json\/wp\/v2\/media?parent=10176"}],"wp:term":[{"taxonomy":"category","embeddable":true,"href":"https:\/\/eenergetica.com.ar\/index.php\/wp-json\/wp\/v2\/categories?post=10176"},{"taxonomy":"post_tag","embeddable":true,"href":"https:\/\/eenergetica.com.ar\/index.php\/wp-json\/wp\/v2\/tags?post=10176"}],"curies":[{"name":"wp","href":"https:\/\/api.w.org\/{rel}","templated":true}]}}