{"id":10111,"date":"2022-02-28T21:53:15","date_gmt":"2022-03-01T00:53:15","guid":{"rendered":"http:\/\/eenergetica.com.ar\/?p=10111"},"modified":"2022-02-28T21:53:15","modified_gmt":"2022-03-01T00:53:15","slug":"acuerdo-con-el-fmi-crecimiento-economico-y-postpandemia-la-columna-vertebral-del-discurso-del-presidente-en-el-congreso","status":"publish","type":"post","link":"https:\/\/eenergetica.com.ar\/index.php\/2022\/02\/28\/acuerdo-con-el-fmi-crecimiento-economico-y-postpandemia-la-columna-vertebral-del-discurso-del-presidente-en-el-congreso\/","title":{"rendered":"ACUERDO CON EL FMI, CRECIMIENTO ECON\u00d3MICO Y &#8220;POSTPANDEMIA&#8221;: LA COLUMNA VERTEBRAL DEL DISCURSO DEL PRESIDENTE EN EL CONGRESO"},"content":{"rendered":"\n<p><strong>Con un discurso enfocado en el acuerdo con el Fondo Monetario Internacional (FMI), el crecimiento econ\u00f3mico y en la agenda &#8220;postpandemia&#8221;, el presidente Alberto Fern\u00e1ndez dejar\u00e1 inaugurado, el primero de marzo, el 140\u00b0 Per\u00edodo de Sesiones Ordinarias en el Congreso de la Naci\u00f3n.<\/strong><\/p>\n\n\n\n<p>&nbsp; &nbsp;El mensaje del jefe de Estado ante la Asamblea Legislativa, que este a\u00f1o coincidir\u00e1 con el feriado de Carnaval, buscar\u00e1 instalar en la agenda medi\u00e1tica y pol\u00edtica una serie de temas que ser\u00e1n &#8220;centrales&#8221; para el periodo que resta de su mandato.<\/p>\n\n\n\n<p>&nbsp;&nbsp; &#8220;Va a realizar un repaso de la deuda con el FMI, para explicar de d\u00f3nde venimos y qu\u00e9 estamos haciendo con este paquete. Tambi\u00e9n pondr\u00e1 el acento en materia de educaci\u00f3n, salud mental y cambio clim\u00e1tico&#8221;, precisaron a NA fuentes de la Casa Rosada.<\/p>\n\n\n\n<p>&nbsp;&nbsp; Desde Balcarce 50 anticiparon que la alocuci\u00f3n del presidente se extender\u00e1 al menos durante una hora y media, donde abordar\u00e1 una amplia gama de temas.<\/p>\n\n\n\n<p>&nbsp;&nbsp; En ese marco, consideraron que habr\u00e1 &#8220;un cap\u00edtulo especial para los temas del futuro&#8221;, y explicaron: &#8220;El Presidente va a hablar de crecimiento econ\u00f3mico, de c\u00f3mo sostener el crecimiento y las inversiones&#8221;.<\/p>\n\n\n\n<p>&nbsp;&nbsp; &#8220;Hay que explicar que no alcanza s\u00f3lo con el crecimiento, sino que el crecimiento tiene que ser con desarrollo, con distribuci\u00f3n, porque sino eso no se traduce en una mejora de la vida de gente&#8221;, argument\u00f3 una fuente con acceso directo al despacho presidencial.<\/p>\n\n\n\n<p>&nbsp;&nbsp; Adem\u00e1s, indic\u00f3 que el jefe de Estado &#8220;tiene en claro y lo va a decir en el Congreso&#8221; que el crecimiento debe ser &#8220;con combate a la inflaci\u00f3n para que el salario no sea comido por la g\u00f3ndola de los supermercados&#8221;.<\/p>\n\n\n\n<p>&nbsp;&nbsp; Dentro de la serie de temas que ser\u00e1n prioritarios en la pr\u00f3xima etapa del Gobierno se encuentran los proyectos abocados al desarrollo econ\u00f3mico y aquellos vinculados al ambiente y el cambio clim\u00e1tico.<\/p>\n\n\n\n<p>&nbsp;&nbsp; Tambi\u00e9n, la cuesti\u00f3n de g\u00e9nero ser\u00e1 otro de los grandes ejes, motivo por el que desde el oficialismo se trabaja en un proyecto para licencias compartidas por el nacimiento de un hijo, con el fin de que genere un mayor equilibrio en las tareas de cuidado.<\/p>\n\n\n\n<p>&nbsp;&nbsp; Seg\u00fan supo NA, el objetivo del Presidente y su equipo es que el discurso del pr\u00f3ximo primero de marzo funcione como &#8220;un momento bisagra&#8221; para su gesti\u00f3n, en el que una vez superado el acuerdo con el Fondo Monetario Internacional (FMI) y los momentos m\u00e1s cr\u00edticos de la pandemia pueda enfocarse en los temas por los que el Ejecutivo &#8220;quiere ser recordado&#8221;.<\/p>\n","protected":false},"excerpt":{"rendered":"<p>Con un discurso enfocado en el acuerdo con el Fondo Monetario Internacional (FMI), el crecimiento econ\u00f3mico y en la agenda &#8220;postpandemia&#8221;, el presidente Alberto Fern\u00e1ndez dejar\u00e1 inaugurado, el primero de&hellip; <\/p>\n","protected":false},"author":2,"featured_media":10112,"comment_status":"closed","ping_status":"open","sticky":false,"template":"","format":"standard","meta":{"footnotes":""},"categories":[20],"tags":[],"class_list":["post-10111","post","type-post","status-publish","format-standard","has-post-thumbnail","hentry","category-politica"],"_links":{"self":[{"href":"https:\/\/eenergetica.com.ar\/index.php\/wp-json\/wp\/v2\/posts\/10111","targetHints":{"allow":["GET"]}}],"collection":[{"href":"https:\/\/eenergetica.com.ar\/index.php\/wp-json\/wp\/v2\/posts"}],"about":[{"href":"https:\/\/eenergetica.com.ar\/index.php\/wp-json\/wp\/v2\/types\/post"}],"author":[{"embeddable":true,"href":"https:\/\/eenergetica.com.ar\/index.php\/wp-json\/wp\/v2\/users\/2"}],"replies":[{"embeddable":true,"href":"https:\/\/eenergetica.com.ar\/index.php\/wp-json\/wp\/v2\/comments?post=10111"}],"version-history":[{"count":1,"href":"https:\/\/eenergetica.com.ar\/index.php\/wp-json\/wp\/v2\/posts\/10111\/revisions"}],"predecessor-version":[{"id":10113,"href":"https:\/\/eenergetica.com.ar\/index.php\/wp-json\/wp\/v2\/posts\/10111\/revisions\/10113"}],"wp:featuredmedia":[{"embeddable":true,"href":"https:\/\/eenergetica.com.ar\/index.php\/wp-json\/wp\/v2\/media\/10112"}],"wp:attachment":[{"href":"https:\/\/eenergetica.com.ar\/index.php\/wp-json\/wp\/v2\/media?parent=10111"}],"wp:term":[{"taxonomy":"category","embeddable":true,"href":"https:\/\/eenergetica.com.ar\/index.php\/wp-json\/wp\/v2\/categories?post=10111"},{"taxonomy":"post_tag","embeddable":true,"href":"https:\/\/eenergetica.com.ar\/index.php\/wp-json\/wp\/v2\/tags?post=10111"}],"curies":[{"name":"wp","href":"https:\/\/api.w.org\/{rel}","templated":true}]}}